{"id":43258,"date":"2020-08-04T14:25:18","date_gmt":"2020-08-04T20:25:18","guid":{"rendered":"http:\/\/copades.com\/monec\/?p=43258"},"modified":"2020-08-05T14:29:22","modified_gmt":"2020-08-05T20:29:22","slug":"recomiendan-un-retorno-disciplinado","status":"publish","type":"post","link":"https:\/\/copades.com\/monec\/?p=43258","title":{"rendered":"Recomiendan un retorno disciplinado"},"content":{"rendered":"<p style=\"text-align: justify;\">La creaci\u00f3n de turnos diferenciados, la identificaci\u00f3n y aislamiento de grupos cr\u00edticos de empleados y el establecimiento de pol\u00edticas claras de distanciamiento f\u00edsico en el \u00e1rea laboral, son, entre otras, las medidas de salud y seguridad que recomienda a las empresas la firma <em>ManpowerGroup<\/em> para un regreso disciplinado a los lugares de trabajo. Dichas medidas son clave para el retorno a las actividades que conduzcan a la reactivaci\u00f3n de la econom\u00eda, expuso <strong>Andr\u00e9s Soto<\/strong>, gerente de <em>ManpowerGroup<\/em> Guatemala. \u201cEl Gobierno est\u00e1 creando los mecanismos para que la reapertura se d\u00e9 minimizando el impacto de contagios. Sin embargo, esto se lograr\u00e1 con el involucramiento de todos para el reajuste a la nueva realidad\u201d, manifest\u00f3 Soto. (Diario de Centro Am\u00e9rica 04.08.20)<\/p>\n","protected":false},"excerpt":{"rendered":"<p>La creaci\u00f3n de turnos diferenciados, la identificaci\u00f3n y aislamiento de grupos cr\u00edticos de empleados y el establecimiento de pol\u00edticas claras de distanciamiento f\u00edsico en el \u00e1rea laboral, son, entre otras, las medidas de salud&#46;&#46;&#46;<\/p>\n","protected":false},"author":1,"featured_media":0,"comment_status":"open","ping_status":"closed","sticky":false,"template":"","format":"standard","meta":{"footnotes":""},"categories":[9,5],"tags":[888,6967],"class_list":["post-43258","post","type-post","status-publish","format-standard","hentry","category-actividad-productiva-actividad-productiva","category-actividad-productiva","tag-manpower-group","tag-reactivacion-economica"],"_links":{"self":[{"href":"https:\/\/copades.com\/monec\/index.php?rest_route=\/wp\/v2\/posts\/43258","targetHints":{"allow":["GET"]}}],"collection":[{"href":"https:\/\/copades.com\/monec\/index.php?rest_route=\/wp\/v2\/posts"}],"about":[{"href":"https:\/\/copades.com\/monec\/index.php?rest_route=\/wp\/v2\/types\/post"}],"author":[{"embeddable":true,"href":"https:\/\/copades.com\/monec\/index.php?rest_route=\/wp\/v2\/users\/1"}],"replies":[{"embeddable":true,"href":"https:\/\/copades.com\/monec\/index.php?rest_route=%2Fwp%2Fv2%2Fcomments&post=43258"}],"version-history":[{"count":1,"href":"https:\/\/copades.com\/monec\/index.php?rest_route=\/wp\/v2\/posts\/43258\/revisions"}],"predecessor-version":[{"id":43259,"href":"https:\/\/copades.com\/monec\/index.php?rest_route=\/wp\/v2\/posts\/43258\/revisions\/43259"}],"wp:attachment":[{"href":"https:\/\/copades.com\/monec\/index.php?rest_route=%2Fwp%2Fv2%2Fmedia&parent=43258"}],"wp:term":[{"taxonomy":"category","embeddable":true,"href":"https:\/\/copades.com\/monec\/index.php?rest_route=%2Fwp%2Fv2%2Fcategories&post=43258"},{"taxonomy":"post_tag","embeddable":true,"href":"https:\/\/copades.com\/monec\/index.php?rest_route=%2Fwp%2Fv2%2Ftags&post=43258"}],"curies":[{"name":"wp","href":"https:\/\/api.w.org\/{rel}","templated":true}]}}