{"id":43292,"date":"2020-08-07T12:30:45","date_gmt":"2020-08-07T18:30:45","guid":{"rendered":"http:\/\/copades.com\/monec\/?p=43292"},"modified":"2020-08-07T12:30:45","modified_gmt":"2020-08-07T18:30:45","slug":"american-airlines-retrasa-regreso-a-nicaragua-por-cinco-semanas-mas","status":"publish","type":"post","link":"https:\/\/copades.com\/monec\/?p=43292","title":{"rendered":"American Airlines retrasa regreso a Nicaragua por cinco semanas m\u00e1s"},"content":{"rendered":"<p style=\"text-align: justify;\">Mientras Aeron\u00e1utica Civil \u201csuaviz\u00f3\u201d este martes las regulaciones a las aerol\u00edneas para volar a Nicaragua, American Airlines anunci\u00f3 una nueva posposici\u00f3n por cinco semanas m\u00e1s para su retorno a los cielos nicarag\u00fcenses, fijando como nueva fecha el siete de octubre.\u00a0La decisi\u00f3n de American es considerada en el sector tur\u00edstico como un indicador de la percepci\u00f3n que predomina en el \u00e1mbito internacional sobre Nicaragua,\u00a0 y la falta de transparencia e informaci\u00f3n confiable sobre el avance de la pandemia de covid-19 en el pa\u00eds.\u00a0Aunque el sector tur\u00edstico no se hace grandes ilusiones de que el retorno de las aerol\u00edneas cambie el destino de sus finanzas para el presente a\u00f1o, reconocen que eso es parte de la ansiada\u00a0<em>normalizaci\u00f3n<\/em>\u00a0de sus actividades empresariales, y apuntar\u00eda en la direcci\u00f3n de mostrar que el pa\u00eds tambi\u00e9n est\u00e1 haciendo su parte en la tarea global de controlar al SARS-CoV-2. En vez de eso, AA, que hab\u00eda anunciado que sus aviones comenzar\u00edan a enfilar hacia el aeropuerto nicarag\u00fcense a partir del dos de septiembre, ahora lo retrasa por cinco semanas m\u00e1s, fijando al siete de octubre como su nueva fecha de retorno.\u00a0El resto de aerol\u00edneas mantienen \u2013hasta ahora- distintas fechas del pr\u00f3ximo mes, para regresar a Nicaragua: Aerom\u00e9xico, el uno de septiembre; Avianca y United, el d\u00eda dos, mientras que COPA pretende retornar al pa\u00eds a partir del 5 de septiembre, con Spirit indicando su intenci\u00f3n de volver el 17 de agosto, despu\u00e9s que Delta decidi\u00f3 suspender su servicio definitivamente. <strong>Fuente:\u00a0confidencial.com.ni<\/strong><\/p>\n","protected":false},"excerpt":{"rendered":"<p>Mientras Aeron\u00e1utica Civil \u201csuaviz\u00f3\u201d este martes las regulaciones a las aerol\u00edneas para volar a Nicaragua, American Airlines anunci\u00f3 una nueva posposici\u00f3n por cinco semanas m\u00e1s para su retorno a los cielos nicarag\u00fcenses, fijando como&#46;&#46;&#46;<\/p>\n","protected":false},"author":1,"featured_media":0,"comment_status":"open","ping_status":"closed","sticky":false,"template":"","format":"standard","meta":{"footnotes":""},"categories":[54],"tags":[],"class_list":["post-43292","post","type-post","status-publish","format-standard","hentry","category-centroamerica-seleccion"],"_links":{"self":[{"href":"https:\/\/copades.com\/monec\/index.php?rest_route=\/wp\/v2\/posts\/43292","targetHints":{"allow":["GET"]}}],"collection":[{"href":"https:\/\/copades.com\/monec\/index.php?rest_route=\/wp\/v2\/posts"}],"about":[{"href":"https:\/\/copades.com\/monec\/index.php?rest_route=\/wp\/v2\/types\/post"}],"author":[{"embeddable":true,"href":"https:\/\/copades.com\/monec\/index.php?rest_route=\/wp\/v2\/users\/1"}],"replies":[{"embeddable":true,"href":"https:\/\/copades.com\/monec\/index.php?rest_route=%2Fwp%2Fv2%2Fcomments&post=43292"}],"version-history":[{"count":1,"href":"https:\/\/copades.com\/monec\/index.php?rest_route=\/wp\/v2\/posts\/43292\/revisions"}],"predecessor-version":[{"id":43293,"href":"https:\/\/copades.com\/monec\/index.php?rest_route=\/wp\/v2\/posts\/43292\/revisions\/43293"}],"wp:attachment":[{"href":"https:\/\/copades.com\/monec\/index.php?rest_route=%2Fwp%2Fv2%2Fmedia&parent=43292"}],"wp:term":[{"taxonomy":"category","embeddable":true,"href":"https:\/\/copades.com\/monec\/index.php?rest_route=%2Fwp%2Fv2%2Fcategories&post=43292"},{"taxonomy":"post_tag","embeddable":true,"href":"https:\/\/copades.com\/monec\/index.php?rest_route=%2Fwp%2Fv2%2Ftags&post=43292"}],"curies":[{"name":"wp","href":"https:\/\/api.w.org\/{rel}","templated":true}]}}