{"id":43492,"date":"2020-08-21T18:29:00","date_gmt":"2020-08-22T00:29:00","guid":{"rendered":"http:\/\/copades.com\/monec\/?p=43492"},"modified":"2020-08-22T18:30:58","modified_gmt":"2020-08-23T00:30:58","slug":"gobierno-publicara-prioridades-del-gasto-publico-hasta-septiembre","status":"publish","type":"post","link":"https:\/\/copades.com\/monec\/?p=43492","title":{"rendered":"Gobierno publicar\u00e1 prioridades del gasto p\u00fablico hasta septiembre"},"content":{"rendered":"<p style=\"text-align: justify;\">A 12 d\u00edas para que se presente el proyecto del presupuesto de ingresos y egresos para el 2021 el Ministerio de Finanzas (Minfin) aun no revela las asignaciones a los ministerios, ni la estructura de financiamiento y el nuevo saldo de endeudamiento, mientras se avizora una complejidad de discusi\u00f3n pol\u00edtica cuando se conozca en el Congreso. En otros a\u00f1os, a estas alturas ya se conoc\u00edan las cifras oficiales de cuotas para las entidades, las fuentes de financiamiento, los ingresos tributarios y el comportamiento econ\u00f3mico. El pasado mi\u00e9rcoles 19 de agosto se llev\u00f3 a cabo una reuni\u00f3n de Gabinete General en la cual se inform\u00f3 sobre los techos a los diferentes ministerios, de acuerdo con el ministro de Finanzas, \u00c1lvaro Gonz\u00e1lez Ricci y el viceministro Edwin Mart\u00ednez Cameros, quienes acudieron a citaciones al Congreso, pero no brindaron los detalles sobre los montos oficiales para cada uno de los ministerios, ni la estructura presupuestaria. <strong>Jorge Lavarreda<\/strong>, del Centro de Investigaciones Econ\u00f3micas Nacionales (Cien), considera que se ha presentado informaci\u00f3n seleccionada, pero que no se conoce, como en a\u00f1os anteriores, una versi\u00f3n preliminar del presupuesto, y lo que se conoce es de un techo preliminar de Q96 mil millones.\u00a0 (Prensa Libre 21.08.20)<\/p>\n","protected":false},"excerpt":{"rendered":"<p>A 12 d\u00edas para que se presente el proyecto del presupuesto de ingresos y egresos para el 2021 el Ministerio de Finanzas (Minfin) aun no revela las asignaciones a los ministerios, ni la estructura&#46;&#46;&#46;<\/p>\n","protected":false},"author":1,"featured_media":0,"comment_status":"open","ping_status":"closed","sticky":false,"template":"","format":"standard","meta":{"footnotes":""},"categories":[41,39],"tags":[563,206],"class_list":["post-43492","post","type-post","status-publish","format-standard","hentry","category-finanzas-publicas","category-sector-publico","tag-cien","tag-minfin"],"_links":{"self":[{"href":"https:\/\/copades.com\/monec\/index.php?rest_route=\/wp\/v2\/posts\/43492","targetHints":{"allow":["GET"]}}],"collection":[{"href":"https:\/\/copades.com\/monec\/index.php?rest_route=\/wp\/v2\/posts"}],"about":[{"href":"https:\/\/copades.com\/monec\/index.php?rest_route=\/wp\/v2\/types\/post"}],"author":[{"embeddable":true,"href":"https:\/\/copades.com\/monec\/index.php?rest_route=\/wp\/v2\/users\/1"}],"replies":[{"embeddable":true,"href":"https:\/\/copades.com\/monec\/index.php?rest_route=%2Fwp%2Fv2%2Fcomments&post=43492"}],"version-history":[{"count":1,"href":"https:\/\/copades.com\/monec\/index.php?rest_route=\/wp\/v2\/posts\/43492\/revisions"}],"predecessor-version":[{"id":43493,"href":"https:\/\/copades.com\/monec\/index.php?rest_route=\/wp\/v2\/posts\/43492\/revisions\/43493"}],"wp:attachment":[{"href":"https:\/\/copades.com\/monec\/index.php?rest_route=%2Fwp%2Fv2%2Fmedia&parent=43492"}],"wp:term":[{"taxonomy":"category","embeddable":true,"href":"https:\/\/copades.com\/monec\/index.php?rest_route=%2Fwp%2Fv2%2Fcategories&post=43492"},{"taxonomy":"post_tag","embeddable":true,"href":"https:\/\/copades.com\/monec\/index.php?rest_route=%2Fwp%2Fv2%2Ftags&post=43492"}],"curies":[{"name":"wp","href":"https:\/\/api.w.org\/{rel}","templated":true}]}}