{"id":43523,"date":"2020-08-24T12:08:24","date_gmt":"2020-08-24T18:08:24","guid":{"rendered":"http:\/\/copades.com\/monec\/?p=43523"},"modified":"2020-08-25T12:10:34","modified_gmt":"2020-08-25T18:10:34","slug":"turismo-interno-comenzo-con-proceso-de-reapertura","status":"publish","type":"post","link":"https:\/\/copades.com\/monec\/?p=43523","title":{"rendered":"Turismo interno comenz\u00f3 con proceso de reapertura"},"content":{"rendered":"<p style=\"text-align: justify;\">El presidente de la Asociaci\u00f3n de Hoteleros de Monterrico, <strong>Zel Gir\u00f3n<\/strong>, dijo que el martes \u00faltimo tuvieron dos reuniones, una en Candelaria para hablar lo referente a Monterrico y otra en La Curvina para el \u00e1rea de Hawaii, Chiquimulilla. Para Monterrico se acord\u00f3 que los due\u00f1os de inmuebles o chaleteros ingresen presentando su recibo de pago de IUSI y para los hoteleros qued\u00f3 escrito en el libro de actas de Gobernaci\u00f3n Departamental que pueden operar, siempre y cuando, cumplan con las gu\u00edas de buenas pr\u00e1cticas que prepar\u00f3 el Instituto Guatemalteco de Turismo (Inguat) y el Ministerio de Salud. Salud va a apersonarse a los hoteles para definir la capacidad m\u00e1xima de los aforos y el Juzgado de Asuntos Municipales verificar\u00e1 que los due\u00f1os de hoteles cumplan con las gu\u00edas. Gir\u00f3n dijo que como asociaci\u00f3n est\u00e1 de acuerdo con ello, porque despu\u00e9s de estar cerrado por cinco meses, no quieren que luego de abrir tengan que cerrar de nuevo por alg\u00fan caso de COVID-19. Varios hoteleros est\u00e1n gestionando cr\u00e9ditos para poder abrir, porque mantenerse cerrado ha implicado gastos de mantenimiento a piscinas, jardines, equipos o el pago de energ\u00eda. \u201cNecesitamos empezar a hacer peque\u00f1as inyecciones de capital por medio del turismo para que la industria no se muera\u201d, dijo. Agreg\u00f3 que todos tienen miedo al virus, pero tambi\u00e9n si el sector no se reactiva va a morir. (El Peri\u00f3dico 24.08.20)<\/p>\n","protected":false},"excerpt":{"rendered":"<p>El presidente de la Asociaci\u00f3n de Hoteleros de Monterrico, Zel Gir\u00f3n, dijo que el martes \u00faltimo tuvieron dos reuniones, una en Candelaria para hablar lo referente a Monterrico y otra en La Curvina para&#46;&#46;&#46;<\/p>\n","protected":false},"author":1,"featured_media":0,"comment_status":"open","ping_status":"closed","sticky":false,"template":"","format":"standard","meta":{"footnotes":""},"categories":[114],"tags":[6902,115],"class_list":["post-43523","post","type-post","status-publish","format-standard","hentry","category-turismo","tag-covid-19","tag-inguat"],"_links":{"self":[{"href":"https:\/\/copades.com\/monec\/index.php?rest_route=\/wp\/v2\/posts\/43523","targetHints":{"allow":["GET"]}}],"collection":[{"href":"https:\/\/copades.com\/monec\/index.php?rest_route=\/wp\/v2\/posts"}],"about":[{"href":"https:\/\/copades.com\/monec\/index.php?rest_route=\/wp\/v2\/types\/post"}],"author":[{"embeddable":true,"href":"https:\/\/copades.com\/monec\/index.php?rest_route=\/wp\/v2\/users\/1"}],"replies":[{"embeddable":true,"href":"https:\/\/copades.com\/monec\/index.php?rest_route=%2Fwp%2Fv2%2Fcomments&post=43523"}],"version-history":[{"count":1,"href":"https:\/\/copades.com\/monec\/index.php?rest_route=\/wp\/v2\/posts\/43523\/revisions"}],"predecessor-version":[{"id":43524,"href":"https:\/\/copades.com\/monec\/index.php?rest_route=\/wp\/v2\/posts\/43523\/revisions\/43524"}],"wp:attachment":[{"href":"https:\/\/copades.com\/monec\/index.php?rest_route=%2Fwp%2Fv2%2Fmedia&parent=43523"}],"wp:term":[{"taxonomy":"category","embeddable":true,"href":"https:\/\/copades.com\/monec\/index.php?rest_route=%2Fwp%2Fv2%2Fcategories&post=43523"},{"taxonomy":"post_tag","embeddable":true,"href":"https:\/\/copades.com\/monec\/index.php?rest_route=%2Fwp%2Fv2%2Ftags&post=43523"}],"curies":[{"name":"wp","href":"https:\/\/api.w.org\/{rel}","templated":true}]}}