{"id":43617,"date":"2020-09-02T14:40:52","date_gmt":"2020-09-02T20:40:52","guid":{"rendered":"http:\/\/copades.com\/monec\/?p=43617"},"modified":"2020-09-03T14:43:32","modified_gmt":"2020-09-03T20:43:32","slug":"la-ruta-el-nuevo-plan-entre-guatemala-y-ee-uu-se-enfoca-en-nueve-departamentos","status":"publish","type":"post","link":"https:\/\/copades.com\/monec\/?p=43617","title":{"rendered":"La Ruta, el nuevo plan entre Guatemala y EE. UU. se enfoca en nueve departamentos"},"content":{"rendered":"<p style=\"text-align: justify;\">Los gobiernos de Guatemala y de Estados Unidos (EE. UU.) presentaron ayer un nuevo plan cuyo principal enfoque es disminuir las causas de la migraci\u00f3n irregular hacia el pa\u00eds del norte. El director del Plan Trifinio, <strong>V\u00edctor Asturias<\/strong>, explic\u00f3 que el principal marco de este nuevo programa denominado, La Ruta: Reuni\u00f3n entre pueblos, es generar desarrollo rural y seguridad \u201cpara que la migraci\u00f3n se vuelva una decisi\u00f3n y las personas no se vean obligadas a migrar\u201d. Este plan se financiar\u00e1 principalmente con fondos del Gobierno de Guatemala y uno de los objetivos es que cada ministerio logre aumentar los rubros presupuestarios para inversi\u00f3n, ya que actualmente el principal gasto se hace en el \u00e1rea de operaci\u00f3n. En tanto, el Gobierno estadounidense apoyar\u00e1 con US$22.5 millones los cuales se ejecutar\u00e1n por medio de la Agencia para el Desarrollo Internacional (USAID) y la Oficina de Antinarc\u00f3ticos y Aplicaci\u00f3n de la Ley (INL) de Estados Unidos. Adem\u00e1s, seg\u00fan Asturias, la Corporaci\u00f3n Reto del Milenio (MCC, por sus siglas en ingl\u00e9s) tambi\u00e9n ser\u00e1 parte de la ejecuci\u00f3n de este plan. Los departamentos en donde se desarrollar\u00e1n los proyectos son Quetzaltenango, Solol\u00e1, Totonicap\u00e1n, Quich\u00e9, San Marcos, Huehuetenango, Chimaltenango, Chiquimula y Jutiapa. Estos dos \u00faltimos departamentos no estaban anteriormente en el plan, sin embargo, se incluyeron por su relevancia al ser territorios fronterizos y lugares por donde se concentra el mayor tr\u00e1fico de personas relacionado a la migraci\u00f3n irregular.\u00a0 (El Peri\u00f3dico 02.09.20)<\/p>\n","protected":false},"excerpt":{"rendered":"<p>Los gobiernos de Guatemala y de Estados Unidos (EE. UU.) presentaron ayer un nuevo plan cuyo principal enfoque es disminuir las causas de la migraci\u00f3n irregular hacia el pa\u00eds del norte. El director del&#46;&#46;&#46;<\/p>\n","protected":false},"author":1,"featured_media":0,"comment_status":"open","ping_status":"closed","sticky":false,"template":"","format":"standard","meta":{"footnotes":""},"categories":[5,840],"tags":[109,6907,2726,414],"class_list":["post-43617","post","type-post","status-publish","format-standard","hentry","category-actividad-productiva","category-migracion","tag-ee-uu","tag-inl","tag-mcc","tag-usaid"],"_links":{"self":[{"href":"https:\/\/copades.com\/monec\/index.php?rest_route=\/wp\/v2\/posts\/43617","targetHints":{"allow":["GET"]}}],"collection":[{"href":"https:\/\/copades.com\/monec\/index.php?rest_route=\/wp\/v2\/posts"}],"about":[{"href":"https:\/\/copades.com\/monec\/index.php?rest_route=\/wp\/v2\/types\/post"}],"author":[{"embeddable":true,"href":"https:\/\/copades.com\/monec\/index.php?rest_route=\/wp\/v2\/users\/1"}],"replies":[{"embeddable":true,"href":"https:\/\/copades.com\/monec\/index.php?rest_route=%2Fwp%2Fv2%2Fcomments&post=43617"}],"version-history":[{"count":1,"href":"https:\/\/copades.com\/monec\/index.php?rest_route=\/wp\/v2\/posts\/43617\/revisions"}],"predecessor-version":[{"id":43618,"href":"https:\/\/copades.com\/monec\/index.php?rest_route=\/wp\/v2\/posts\/43617\/revisions\/43618"}],"wp:attachment":[{"href":"https:\/\/copades.com\/monec\/index.php?rest_route=%2Fwp%2Fv2%2Fmedia&parent=43617"}],"wp:term":[{"taxonomy":"category","embeddable":true,"href":"https:\/\/copades.com\/monec\/index.php?rest_route=%2Fwp%2Fv2%2Fcategories&post=43617"},{"taxonomy":"post_tag","embeddable":true,"href":"https:\/\/copades.com\/monec\/index.php?rest_route=%2Fwp%2Fv2%2Ftags&post=43617"}],"curies":[{"name":"wp","href":"https:\/\/api.w.org\/{rel}","templated":true}]}}