{"id":43704,"date":"2020-09-05T18:20:17","date_gmt":"2020-09-06T00:20:17","guid":{"rendered":"http:\/\/copades.com\/monec\/?p=43704"},"modified":"2020-09-07T18:22:43","modified_gmt":"2020-09-08T00:22:43","slug":"usuarios-siguen-con-el-subsidio-de-electricidad","status":"publish","type":"post","link":"https:\/\/copades.com\/monec\/?p=43704","title":{"rendered":"Usuarios siguen con el subsidio de electricidad"},"content":{"rendered":"<p style=\"text-align: justify;\">Despu\u00e9s de que el Consejo Directivo del Instituto Nacional de Electrificaci\u00f3n (INDE) aprob\u00f3 la continuidad de la tarifa social, en septiembre, para los usuarios de hasta 125 kilovatios hora (kWh) por mes, la Empresa El\u00e9ctrica de Guatemala, S. A. (Eegsa) dio a conocer que 682 mil clientes de esta distribuidora se favorecen del subsidio. De mayo a agosto, la ayuda se extendi\u00f3 a los hogares que consumieron hasta 300 kWh\/mes. Antes se limitaba a los usuarios de hasta 88 kWh\/mes. La ampliaci\u00f3n del rango se efectu\u00f3 con la aprobaci\u00f3n en el Congreso de la Rep\u00fablica de un ajuste presupuestario al INDE, por Q630 millones, como medida para paliar el impacto econ\u00f3mico del Covid-19. \u201cSin embargo, no vamos a regresar a como est\u00e1bamos en abril. El Consejo decidi\u00f3 hacer un esfuerzo adicional durante septiembre para apoyar a los guatemaltecos que m\u00e1s lo necesitan, ahora que la crisis todav\u00eda se vive\u201d, resalt\u00f3 Alberto Pimentel, ministro de Energ\u00eda y Minas y presidente del \u00f3rgano colegiado del INDE. Para la Eegsa, que distribuye en Guatemala, Sacatep\u00e9quez y Escuintla, el subsidio a la tarifa el\u00e9ctrica representa el 51 % de sus clientes. Con los usuarios favorecidos de esta empresa, m\u00e1s los de Energuate y otras distribuidoras municipales, la ayuda seguir\u00e1 llegando a 2.2 millones de hogares, que representan no menos de 10.5 millones de guatemaltecos, asegur\u00f3 Pimentel. El subsidio queda en dos rangos, de 1 a 60 kWh\/mes, y el de 61 a 125 kWh\/mes. (Diario de Centro Am\u00e9rica 05.09.20)<\/p>\n","protected":false},"excerpt":{"rendered":"<p>Despu\u00e9s de que el Consejo Directivo del Instituto Nacional de Electrificaci\u00f3n (INDE) aprob\u00f3 la continuidad de la tarifa social, en septiembre, para los usuarios de hasta 125 kilovatios hora (kWh) por mes, la Empresa&#46;&#46;&#46;<\/p>\n","protected":false},"author":1,"featured_media":0,"comment_status":"open","ping_status":"closed","sticky":false,"template":"","format":"standard","meta":{"footnotes":""},"categories":[5,14],"tags":[6902,162,292],"class_list":["post-43704","post","type-post","status-publish","format-standard","hentry","category-actividad-productiva","category-energia-electrica","tag-covid-19","tag-eegsa","tag-inde"],"_links":{"self":[{"href":"https:\/\/copades.com\/monec\/index.php?rest_route=\/wp\/v2\/posts\/43704","targetHints":{"allow":["GET"]}}],"collection":[{"href":"https:\/\/copades.com\/monec\/index.php?rest_route=\/wp\/v2\/posts"}],"about":[{"href":"https:\/\/copades.com\/monec\/index.php?rest_route=\/wp\/v2\/types\/post"}],"author":[{"embeddable":true,"href":"https:\/\/copades.com\/monec\/index.php?rest_route=\/wp\/v2\/users\/1"}],"replies":[{"embeddable":true,"href":"https:\/\/copades.com\/monec\/index.php?rest_route=%2Fwp%2Fv2%2Fcomments&post=43704"}],"version-history":[{"count":1,"href":"https:\/\/copades.com\/monec\/index.php?rest_route=\/wp\/v2\/posts\/43704\/revisions"}],"predecessor-version":[{"id":43705,"href":"https:\/\/copades.com\/monec\/index.php?rest_route=\/wp\/v2\/posts\/43704\/revisions\/43705"}],"wp:attachment":[{"href":"https:\/\/copades.com\/monec\/index.php?rest_route=%2Fwp%2Fv2%2Fmedia&parent=43704"}],"wp:term":[{"taxonomy":"category","embeddable":true,"href":"https:\/\/copades.com\/monec\/index.php?rest_route=%2Fwp%2Fv2%2Fcategories&post=43704"},{"taxonomy":"post_tag","embeddable":true,"href":"https:\/\/copades.com\/monec\/index.php?rest_route=%2Fwp%2Fv2%2Ftags&post=43704"}],"curies":[{"name":"wp","href":"https:\/\/api.w.org\/{rel}","templated":true}]}}