{"id":44393,"date":"2020-10-22T15:00:56","date_gmt":"2020-10-22T21:00:56","guid":{"rendered":"http:\/\/copades.com\/monec\/?p=44393"},"modified":"2020-10-22T15:00:56","modified_gmt":"2020-10-22T21:00:56","slug":"gobierno-define-politica-de-estado-para-proxima-decada","status":"publish","type":"post","link":"https:\/\/copades.com\/monec\/?p=44393","title":{"rendered":"Gobierno define pol\u00edtica de Estado para pr\u00f3xima d\u00e9cada"},"content":{"rendered":"<p style=\"text-align: justify;\">El presidente <strong>Alejandro Giammattei<\/strong> anunci\u00f3 ayer que pr\u00f3ximamente se presentar\u00e1 una agenda de Gobierno para los pr\u00f3ximos 10 a\u00f1os, que no solo buscar\u00e1 la recuperaci\u00f3n del pa\u00eds, sino que atacar\u00e1 las causas estructurales que impiden salir de la pobreza y la exclusi\u00f3n social. Agreg\u00f3 que el proyecto es un esfuerzo del trabajo intersectorial realizado entre el Gobierno, la iniciativa privada, la Municipalidad de Guatemala y una agencia internacional. Afirm\u00f3 que el plan est\u00e1 terminado y listo para su presentaci\u00f3n y posterior implementaci\u00f3n. El mandatario destac\u00f3 que la agencia internacional que colabora en el programa se dedic\u00f3, en tiempos de la Segunda Guerra Mundial, a generar el Plan Marshall, oficialmente conocido como el Plan Europeo de Recuperaci\u00f3n, que permiti\u00f3 la reconstrucci\u00f3n del viejo continente tras la guerra. (Diario de Centro Am\u00e9rica 22.10.20)<\/p>\n","protected":false},"excerpt":{"rendered":"<p>El presidente Alejandro Giammattei anunci\u00f3 ayer que pr\u00f3ximamente se presentar\u00e1 una agenda de Gobierno para los pr\u00f3ximos 10 a\u00f1os, que no solo buscar\u00e1 la recuperaci\u00f3n del pa\u00eds, sino que atacar\u00e1 las causas estructurales que&#46;&#46;&#46;<\/p>\n","protected":false},"author":1,"featured_media":0,"comment_status":"open","ping_status":"closed","sticky":false,"template":"","format":"standard","meta":{"footnotes":""},"categories":[42,39],"tags":[6782,7052,6838],"class_list":["post-44393","post","type-post","status-publish","format-standard","hentry","category-politicas-publicas","category-sector-publico","tag-alejandro-giammattei","tag-exclusion-social","tag-pobreza"],"_links":{"self":[{"href":"https:\/\/copades.com\/monec\/index.php?rest_route=\/wp\/v2\/posts\/44393","targetHints":{"allow":["GET"]}}],"collection":[{"href":"https:\/\/copades.com\/monec\/index.php?rest_route=\/wp\/v2\/posts"}],"about":[{"href":"https:\/\/copades.com\/monec\/index.php?rest_route=\/wp\/v2\/types\/post"}],"author":[{"embeddable":true,"href":"https:\/\/copades.com\/monec\/index.php?rest_route=\/wp\/v2\/users\/1"}],"replies":[{"embeddable":true,"href":"https:\/\/copades.com\/monec\/index.php?rest_route=%2Fwp%2Fv2%2Fcomments&post=44393"}],"version-history":[{"count":1,"href":"https:\/\/copades.com\/monec\/index.php?rest_route=\/wp\/v2\/posts\/44393\/revisions"}],"predecessor-version":[{"id":44394,"href":"https:\/\/copades.com\/monec\/index.php?rest_route=\/wp\/v2\/posts\/44393\/revisions\/44394"}],"wp:attachment":[{"href":"https:\/\/copades.com\/monec\/index.php?rest_route=%2Fwp%2Fv2%2Fmedia&parent=44393"}],"wp:term":[{"taxonomy":"category","embeddable":true,"href":"https:\/\/copades.com\/monec\/index.php?rest_route=%2Fwp%2Fv2%2Fcategories&post=44393"},{"taxonomy":"post_tag","embeddable":true,"href":"https:\/\/copades.com\/monec\/index.php?rest_route=%2Fwp%2Fv2%2Ftags&post=44393"}],"curies":[{"name":"wp","href":"https:\/\/api.w.org\/{rel}","templated":true}]}}