{"id":4446,"date":"2012-11-07T16:05:18","date_gmt":"2012-11-07T16:05:18","guid":{"rendered":"http:\/\/copades.com\/monec\/?p=4446"},"modified":"2012-11-07T16:05:18","modified_gmt":"2012-11-07T16:05:18","slug":"encuesta-del-plan-hambre-cero-costara-q-3-1-millones","status":"publish","type":"post","link":"https:\/\/copades.com\/monec\/?p=4446","title":{"rendered":"Encuesta del Plan Hambre Cero costar\u00e1 Q.3.1 millones"},"content":{"rendered":"<p style=\"text-align: justify;\">Con una inversi\u00f3n de Q3.1 millones, el Instituto Nacional de Estad\u00edstica (INE), la Secretaria de Seguridad Alimentaria y Nutricional (SESAN) Y el Ministerio de Finanzas, dieron inicio el 07 de noviembre, la <em>Encuesta 2012 del Plan Hambre Cero<\/em> en 166 municipios de todo el pa\u00eds. El objetivo radica en establecer c\u00f3mo este Programa contribuye en la reducci\u00f3n de la desnutrici\u00f3n cr\u00f3nica y as\u00ed realizar los ajustes necesarios a fin de alcanzar los objetivos de los programas o proyectos. <strong>Luis Enrique Monterroso<\/strong>, titular de la SESAN indic\u00f3 que \u201cse visitar\u00e1 un total de 5,880 familias con el objetivo de fortalecer los procesos de formulaci\u00f3n, ejecuci\u00f3n y evaluaci\u00f3n de las pol\u00edticas y estrategias de desarrollo impulsadas por el sector p\u00fablico y privado del pa\u00eds, relacionadas con el <em>Plan Hambre Cero<\/em>\u201d. (Diario de Centroamerica 07.11.12)<\/p>\n","protected":false},"excerpt":{"rendered":"<p>Con una inversi\u00f3n de Q3.1 millones, el Instituto Nacional de Estad\u00edstica (INE), la Secretaria de Seguridad Alimentaria y Nutricional (SESAN) Y el Ministerio de Finanzas, dieron inicio el 07 de noviembre, la Encuesta 2012&#46;&#46;&#46;<\/p>\n","protected":false},"author":1,"featured_media":0,"comment_status":"open","ping_status":"closed","sticky":false,"template":"","format":"standard","meta":{"footnotes":""},"categories":[5,9],"tags":[103,319],"class_list":["post-4446","post","type-post","status-publish","format-standard","hentry","category-actividad-productiva","category-actividad-productiva-actividad-productiva","tag-ine","tag-sesan"],"_links":{"self":[{"href":"https:\/\/copades.com\/monec\/index.php?rest_route=\/wp\/v2\/posts\/4446","targetHints":{"allow":["GET"]}}],"collection":[{"href":"https:\/\/copades.com\/monec\/index.php?rest_route=\/wp\/v2\/posts"}],"about":[{"href":"https:\/\/copades.com\/monec\/index.php?rest_route=\/wp\/v2\/types\/post"}],"author":[{"embeddable":true,"href":"https:\/\/copades.com\/monec\/index.php?rest_route=\/wp\/v2\/users\/1"}],"replies":[{"embeddable":true,"href":"https:\/\/copades.com\/monec\/index.php?rest_route=%2Fwp%2Fv2%2Fcomments&post=4446"}],"version-history":[{"count":2,"href":"https:\/\/copades.com\/monec\/index.php?rest_route=\/wp\/v2\/posts\/4446\/revisions"}],"predecessor-version":[{"id":4448,"href":"https:\/\/copades.com\/monec\/index.php?rest_route=\/wp\/v2\/posts\/4446\/revisions\/4448"}],"wp:attachment":[{"href":"https:\/\/copades.com\/monec\/index.php?rest_route=%2Fwp%2Fv2%2Fmedia&parent=4446"}],"wp:term":[{"taxonomy":"category","embeddable":true,"href":"https:\/\/copades.com\/monec\/index.php?rest_route=%2Fwp%2Fv2%2Fcategories&post=4446"},{"taxonomy":"post_tag","embeddable":true,"href":"https:\/\/copades.com\/monec\/index.php?rest_route=%2Fwp%2Fv2%2Ftags&post=4446"}],"curies":[{"name":"wp","href":"https:\/\/api.w.org\/{rel}","templated":true}]}}