{"id":44699,"date":"2020-11-10T12:31:58","date_gmt":"2020-11-10T18:31:58","guid":{"rendered":"http:\/\/copades.com\/monec\/?p=44699"},"modified":"2020-11-10T12:31:58","modified_gmt":"2020-11-10T18:31:58","slug":"gobierno-solicitara-tps-a-ee-uu","status":"publish","type":"post","link":"https:\/\/copades.com\/monec\/?p=44699","title":{"rendered":"Gobierno solicitar\u00e1 TPS a EE. UU."},"content":{"rendered":"<p style=\"text-align: justify;\">El presidente <strong>Alejandro Giammattei<\/strong> inform\u00f3 por medio de su cuenta de Twitter que el ministerio de Relaciones Exteriores analizar\u00e1 una propuesta de Estatus de Protecci\u00f3n Temporal (TPS, por sus siglas en ingl\u00e9s) a favor de los guatemaltecos. De acuerdo al mandatario la solicitud se har\u00e1 por el paso de la tormenta tropical Eta en el pa\u00eds y se enviar\u00e1 esta semana al embajador de Guatemala, <strong>Alfonso Qui\u00f1\u00f3nez<\/strong> <strong>Lemus<\/strong> en Washington, Estados Unidos. En 2018 el gobierno del expresidente <strong>Jimmy Morales<\/strong> pidi\u00f3 que se aprobara el TPS por la cat\u00e1strofe que gener\u00f3 la erupci\u00f3n del volc\u00e1n de Fuego, sin embargo, el gobierno estadounidense lo neg\u00f3. Hasta hoy 9 de noviembre, la Coordinadora Nacional para la Reducci\u00f3n de Desastres (Conred) contabiliz\u00f3 358 mil 868 personas afectadas, 81 mil 167 evacuadas, 98 mil 784 atendidas y 15 mil 553 albergadas. (El Peri\u00f3dico\/Prensa Libre 10.11.20)<\/p>\n","protected":false},"excerpt":{"rendered":"<p>El presidente Alejandro Giammattei inform\u00f3 por medio de su cuenta de Twitter que el ministerio de Relaciones Exteriores analizar\u00e1 una propuesta de Estatus de Protecci\u00f3n Temporal (TPS, por sus siglas en ingl\u00e9s) a favor&#46;&#46;&#46;<\/p>\n","protected":false},"author":1,"featured_media":0,"comment_status":"open","ping_status":"closed","sticky":false,"template":"","format":"standard","meta":{"footnotes":""},"categories":[5,840],"tags":[6782,3591,841],"class_list":["post-44699","post","type-post","status-publish","format-standard","hentry","category-actividad-productiva","category-migracion","tag-alejandro-giammattei","tag-conred","tag-tps"],"_links":{"self":[{"href":"https:\/\/copades.com\/monec\/index.php?rest_route=\/wp\/v2\/posts\/44699","targetHints":{"allow":["GET"]}}],"collection":[{"href":"https:\/\/copades.com\/monec\/index.php?rest_route=\/wp\/v2\/posts"}],"about":[{"href":"https:\/\/copades.com\/monec\/index.php?rest_route=\/wp\/v2\/types\/post"}],"author":[{"embeddable":true,"href":"https:\/\/copades.com\/monec\/index.php?rest_route=\/wp\/v2\/users\/1"}],"replies":[{"embeddable":true,"href":"https:\/\/copades.com\/monec\/index.php?rest_route=%2Fwp%2Fv2%2Fcomments&post=44699"}],"version-history":[{"count":1,"href":"https:\/\/copades.com\/monec\/index.php?rest_route=\/wp\/v2\/posts\/44699\/revisions"}],"predecessor-version":[{"id":44700,"href":"https:\/\/copades.com\/monec\/index.php?rest_route=\/wp\/v2\/posts\/44699\/revisions\/44700"}],"wp:attachment":[{"href":"https:\/\/copades.com\/monec\/index.php?rest_route=%2Fwp%2Fv2%2Fmedia&parent=44699"}],"wp:term":[{"taxonomy":"category","embeddable":true,"href":"https:\/\/copades.com\/monec\/index.php?rest_route=%2Fwp%2Fv2%2Fcategories&post=44699"},{"taxonomy":"post_tag","embeddable":true,"href":"https:\/\/copades.com\/monec\/index.php?rest_route=%2Fwp%2Fv2%2Ftags&post=44699"}],"curies":[{"name":"wp","href":"https:\/\/api.w.org\/{rel}","templated":true}]}}