{"id":44798,"date":"2020-11-15T15:49:26","date_gmt":"2020-11-15T21:49:26","guid":{"rendered":"http:\/\/copades.com\/monec\/?p=44798"},"modified":"2020-11-16T15:51:30","modified_gmt":"2020-11-16T21:51:30","slug":"giammattei-pedira-apoyo-al-bcie-para-implementar-un-seguro-agricola","status":"publish","type":"post","link":"https:\/\/copades.com\/monec\/?p=44798","title":{"rendered":"Giammattei pedir\u00e1 apoyo al BCIE para implementar un seguro agr\u00edcola"},"content":{"rendered":"<p style=\"text-align: justify;\">El presidente <strong>Alejandro Giammattei<\/strong> solicitar\u00e1 junto a sus hom\u00f3logos de Honduras y Nicaragua fondos para crear un seguro agr\u00edcola que cubrir\u00e1 a los afectados por desastres naturales. En entrevista este domingo con un telenoticiero, el presidente Giammattei mencion\u00f3 que durante la reuni\u00f3n que sostendr\u00e1 este lunes en la sede del Banco Centroamericano de Integraci\u00f3n Econ\u00f3mica (BCIE) en Honduras, solicitar\u00e1 a este \u00f3rgano que interceda para que la regi\u00f3n obtenga fondos para el cambio clim\u00e1tico, que ser\u00e1n utilizados para crear un seguro agr\u00edcola que ayudar\u00e1 a las personas que hayan perdido sus cultivos en desastres naturales, como la depresi\u00f3n tropical Eta. Giammattei indic\u00f3 que en el encuentro estar\u00e1 presente el presidente de Honduras, <strong>Juan Orlando Hern\u00e1ndez<\/strong>, y su hom\u00f3logo de Nicaragua, Daniel Ortega. Ambos apoyan la propuesta del mandatario guatemalteco, que tambi\u00e9n busca crear un seguro de vivienda para los damnificados. De acuerdo con los c\u00e1lculos presentados durante la entrevista, son 900 mil guatemaltecos los que resultaron afectados por las intensas lluvias provocadas por la depresi\u00f3n tropical. La mayor\u00eda perdieron sus cultivos. (Prensa Libre 15.11.20)<\/p>\n","protected":false},"excerpt":{"rendered":"<p>El presidente Alejandro Giammattei solicitar\u00e1 junto a sus hom\u00f3logos de Honduras y Nicaragua fondos para crear un seguro agr\u00edcola que cubrir\u00e1 a los afectados por desastres naturales. En entrevista este domingo con un telenoticiero,&#46;&#46;&#46;<\/p>\n","protected":false},"author":1,"featured_media":0,"comment_status":"open","ping_status":"closed","sticky":false,"template":"","format":"standard","meta":{"footnotes":""},"categories":[5,10],"tags":[6782,360],"class_list":["post-44798","post","type-post","status-publish","format-standard","hentry","category-actividad-productiva","category-agricultura","tag-alejandro-giammattei","tag-bcie"],"_links":{"self":[{"href":"https:\/\/copades.com\/monec\/index.php?rest_route=\/wp\/v2\/posts\/44798","targetHints":{"allow":["GET"]}}],"collection":[{"href":"https:\/\/copades.com\/monec\/index.php?rest_route=\/wp\/v2\/posts"}],"about":[{"href":"https:\/\/copades.com\/monec\/index.php?rest_route=\/wp\/v2\/types\/post"}],"author":[{"embeddable":true,"href":"https:\/\/copades.com\/monec\/index.php?rest_route=\/wp\/v2\/users\/1"}],"replies":[{"embeddable":true,"href":"https:\/\/copades.com\/monec\/index.php?rest_route=%2Fwp%2Fv2%2Fcomments&post=44798"}],"version-history":[{"count":1,"href":"https:\/\/copades.com\/monec\/index.php?rest_route=\/wp\/v2\/posts\/44798\/revisions"}],"predecessor-version":[{"id":44799,"href":"https:\/\/copades.com\/monec\/index.php?rest_route=\/wp\/v2\/posts\/44798\/revisions\/44799"}],"wp:attachment":[{"href":"https:\/\/copades.com\/monec\/index.php?rest_route=%2Fwp%2Fv2%2Fmedia&parent=44798"}],"wp:term":[{"taxonomy":"category","embeddable":true,"href":"https:\/\/copades.com\/monec\/index.php?rest_route=%2Fwp%2Fv2%2Fcategories&post=44798"},{"taxonomy":"post_tag","embeddable":true,"href":"https:\/\/copades.com\/monec\/index.php?rest_route=%2Fwp%2Fv2%2Ftags&post=44798"}],"curies":[{"name":"wp","href":"https:\/\/api.w.org\/{rel}","templated":true}]}}