{"id":44806,"date":"2020-11-14T16:01:47","date_gmt":"2020-11-14T22:01:47","guid":{"rendered":"http:\/\/copades.com\/monec\/?p=44806"},"modified":"2020-11-16T16:04:20","modified_gmt":"2020-11-16T22:04:20","slug":"turismo-relegado-de-fondos-de-emergencia","status":"publish","type":"post","link":"https:\/\/copades.com\/monec\/?p=44806","title":{"rendered":"Turismo relegado de fondos de emergencia"},"content":{"rendered":"<p style=\"text-align: justify;\">El sector tur\u00edstico de Guatemala y del mundo se enfrenta a la peor crisis de su historia. Aunque algunos pa\u00edses arrancaron con cautela a levantar y flexibilizar las restricciones a los viajes tur\u00edsticos, la realidad es que las previsiones apuntan a que la recuperaci\u00f3n del turismo puede tardar de dos a tres a\u00f1os si los gobiernos no impulsan planes espec\u00edficos de apoyo al sector. Para <strong>Diego D\u00edaz<\/strong>, presidente de la C\u00e1mara de Turismo de Guatemala (Camtur) el sector sigue \u201cinvisibilizado\u201d a pesar de ser la segunda fuente de ingreso de divisas para el pa\u00eds; y consider\u00f3 que la reactivaci\u00f3n podr\u00eda proyectarse a mediano plazo \u00fanicamente si cuenta con respaldo irrestricto por parte del Gobierno central mediante acciones de corto plazo y mediano plazo, espec\u00edficamente destinadas al turismo. Desde el inicio de la crisis, las empresas tur\u00edsticas vienen enfrentando cierres y despidos impactando a m\u00e1s de 650 mil familias, que por casi ocho meses no han percibido ingresos, se\u00f1al\u00f3 D\u00edaz. Los planes de crear un fondo de Q200 millones espec\u00edfico para empleados del sector de turismo con contratos suspendidos, y otro para el Ministerio de Cultura de Q15 millones para apoyo a artistas, quedaron en el olvido.\u00a0 (Prensa Libre 14.11.20)<\/p>\n","protected":false},"excerpt":{"rendered":"<p>El sector tur\u00edstico de Guatemala y del mundo se enfrenta a la peor crisis de su historia. Aunque algunos pa\u00edses arrancaron con cautela a levantar y flexibilizar las restricciones a los viajes tur\u00edsticos, la&#46;&#46;&#46;<\/p>\n","protected":false},"author":1,"featured_media":0,"comment_status":"open","ping_status":"closed","sticky":false,"template":"","format":"standard","meta":{"footnotes":""},"categories":[114],"tags":[147],"class_list":["post-44806","post","type-post","status-publish","format-standard","hentry","category-turismo","tag-camtur"],"_links":{"self":[{"href":"https:\/\/copades.com\/monec\/index.php?rest_route=\/wp\/v2\/posts\/44806","targetHints":{"allow":["GET"]}}],"collection":[{"href":"https:\/\/copades.com\/monec\/index.php?rest_route=\/wp\/v2\/posts"}],"about":[{"href":"https:\/\/copades.com\/monec\/index.php?rest_route=\/wp\/v2\/types\/post"}],"author":[{"embeddable":true,"href":"https:\/\/copades.com\/monec\/index.php?rest_route=\/wp\/v2\/users\/1"}],"replies":[{"embeddable":true,"href":"https:\/\/copades.com\/monec\/index.php?rest_route=%2Fwp%2Fv2%2Fcomments&post=44806"}],"version-history":[{"count":1,"href":"https:\/\/copades.com\/monec\/index.php?rest_route=\/wp\/v2\/posts\/44806\/revisions"}],"predecessor-version":[{"id":44807,"href":"https:\/\/copades.com\/monec\/index.php?rest_route=\/wp\/v2\/posts\/44806\/revisions\/44807"}],"wp:attachment":[{"href":"https:\/\/copades.com\/monec\/index.php?rest_route=%2Fwp%2Fv2%2Fmedia&parent=44806"}],"wp:term":[{"taxonomy":"category","embeddable":true,"href":"https:\/\/copades.com\/monec\/index.php?rest_route=%2Fwp%2Fv2%2Fcategories&post=44806"},{"taxonomy":"post_tag","embeddable":true,"href":"https:\/\/copades.com\/monec\/index.php?rest_route=%2Fwp%2Fv2%2Ftags&post=44806"}],"curies":[{"name":"wp","href":"https:\/\/api.w.org\/{rel}","templated":true}]}}