{"id":44811,"date":"2020-11-17T15:47:23","date_gmt":"2020-11-17T21:47:23","guid":{"rendered":"http:\/\/copades.com\/monec\/?p=44811"},"modified":"2020-11-18T15:52:49","modified_gmt":"2020-11-18T21:52:49","slug":"la-pandemia-marca-tendencias-en-el-sector-inmobiliario","status":"publish","type":"post","link":"https:\/\/copades.com\/monec\/?p=44811","title":{"rendered":"La pandemia marca tendencias en el sector inmobiliario"},"content":{"rendered":"<p style=\"text-align: justify;\">En medio de la crisis econ\u00f3mica y de salud, el sector inmobiliario ha tenido que reinventarse al adaptar la digitalizaci\u00f3n a sus proyectos y redise\u00f1ar los planes a futuro para atender las actuales tendencias de los consumidores, afirm\u00f3 <strong>Fernando Lara<\/strong>, fundador de la empresa Inmobiliaria BiTV. \u201cEn esos d\u00edas el gremio se logr\u00f3 reestructurar y avanzar a una era de digitalizaci\u00f3n total con videos, redes sociales, animaciones 3D, levantamientos digitales, drones, videollamadas y procesos financieros y legales en l\u00ednea\u201d, coment\u00f3 Lara. En julio, un informe de la unidad econ\u00f3mica del Comit\u00e9 Coordinador de Asociaciones Agr\u00edcolas, Comerciales, Industriales y Financieras (CACIF) estim\u00f3 las p\u00e9rdidas en ventas en el mercado inmobiliario valoradas en US$141 millones y 697 empleos perdidos, durante el cierre de las actividades econ\u00f3micas. Seg\u00fan Lara, previo a la pandemia m\u00e1s de un mill\u00f3n de metros cuadrados estaban en construcci\u00f3n y pendientes de entrega. \u201cDesde 2016, se han desarrollado m\u00e1s de 170 edificios en Guatemala y sus municipios generando m\u00e1s de US$1 bill\u00f3n 600 mil en inversi\u00f3n y cr\u00e9ditos hipotecarios. Hab\u00eda una demanda real en donde ven\u00eda otro \u2018boom\u2019 de apartamentos porque estos ya se hab\u00edan absorbido. Antes de la pandemia hab\u00eda 130 licencias de construcci\u00f3n para un nuevo auge inmobiliario y definitivamente se detuvo\u201d, agreg\u00f3. Sin embargo, tras la reactivaci\u00f3n de las actividades econ\u00f3micas, la industria ha empezado a recuperarse y tambi\u00e9n han surgido tendencias en los bienes inmuebles para uso comercial, oficinas, bodegas, hoteles y terrenos. (El Peri\u00f3dico 17.11.20)<\/p>\n","protected":false},"excerpt":{"rendered":"<p>En medio de la crisis econ\u00f3mica y de salud, el sector inmobiliario ha tenido que reinventarse al adaptar la digitalizaci\u00f3n a sus proyectos y redise\u00f1ar los planes a futuro para atender las actuales tendencias&#46;&#46;&#46;<\/p>\n","protected":false},"author":1,"featured_media":0,"comment_status":"open","ping_status":"closed","sticky":false,"template":"","format":"standard","meta":{"footnotes":""},"categories":[5,11],"tags":[250],"class_list":["post-44811","post","type-post","status-publish","format-standard","hentry","category-actividad-productiva","category-construccion-e-infraestructura","tag-cacif"],"_links":{"self":[{"href":"https:\/\/copades.com\/monec\/index.php?rest_route=\/wp\/v2\/posts\/44811","targetHints":{"allow":["GET"]}}],"collection":[{"href":"https:\/\/copades.com\/monec\/index.php?rest_route=\/wp\/v2\/posts"}],"about":[{"href":"https:\/\/copades.com\/monec\/index.php?rest_route=\/wp\/v2\/types\/post"}],"author":[{"embeddable":true,"href":"https:\/\/copades.com\/monec\/index.php?rest_route=\/wp\/v2\/users\/1"}],"replies":[{"embeddable":true,"href":"https:\/\/copades.com\/monec\/index.php?rest_route=%2Fwp%2Fv2%2Fcomments&post=44811"}],"version-history":[{"count":1,"href":"https:\/\/copades.com\/monec\/index.php?rest_route=\/wp\/v2\/posts\/44811\/revisions"}],"predecessor-version":[{"id":44812,"href":"https:\/\/copades.com\/monec\/index.php?rest_route=\/wp\/v2\/posts\/44811\/revisions\/44812"}],"wp:attachment":[{"href":"https:\/\/copades.com\/monec\/index.php?rest_route=%2Fwp%2Fv2%2Fmedia&parent=44811"}],"wp:term":[{"taxonomy":"category","embeddable":true,"href":"https:\/\/copades.com\/monec\/index.php?rest_route=%2Fwp%2Fv2%2Fcategories&post=44811"},{"taxonomy":"post_tag","embeddable":true,"href":"https:\/\/copades.com\/monec\/index.php?rest_route=%2Fwp%2Fv2%2Ftags&post=44811"}],"curies":[{"name":"wp","href":"https:\/\/api.w.org\/{rel}","templated":true}]}}