{"id":44993,"date":"2020-11-26T11:52:23","date_gmt":"2020-11-26T17:52:23","guid":{"rendered":"http:\/\/copades.com\/monec\/?p=44993"},"modified":"2020-11-26T11:52:23","modified_gmt":"2020-11-26T17:52:23","slug":"economia-salvadorena-lograra-niveles-prepandemia-hasta-2023","status":"publish","type":"post","link":"https:\/\/copades.com\/monec\/?p=44993","title":{"rendered":"Econom\u00eda salvadore\u00f1a lograr\u00e1 niveles prepandemia hasta 2023"},"content":{"rendered":"<p style=\"text-align: justify;\">La econom\u00eda salvadore\u00f1a cerrar\u00e1 el a\u00f1o con una ca\u00edda hist\u00f3rica marcada por la pandemia del covid-19 y se alista para\u00a0<strong>un proceso de recuperaci\u00f3n que no ser\u00e1 inmediato.\u00a0<\/strong>Juan Pablo Espinosa, director de investigaciones econ\u00f3micas, sectoriales y de mercadeo de Grupo Bancolombia, considera que\u00a0<strong>el proceso tomar\u00e1 varios a\u00f1os y se lograr\u00e1n niveles del cierre de 2019 hasta 2023.\u00a0<\/strong>De acuerdo con el an\u00e1lisis del grupo, matriz de Banco Agr\u00edcola, la econom\u00eda<strong>\u00a0cerrar\u00eda 2020 con una ca\u00edda hasta -7.1 %, una baja menor a la pronosticada por el Fondo Monetario Internacional (FMI)<\/strong>\u00a0que anticipa que el Producto Interno Bruto (PIB) cierre en \u2013 9 %. Si bien las previsiones de Bancolombia son inferiores, tambi\u00e9n prev\u00e9 que el rebote en 2021 tambi\u00e9n lo sea. El FMI cree que en 2021 la econom\u00eda salvadore\u00f1a tiene potencial para crecer al 4 %, mientras que Bancolombia lo estima en 3.4 %. \u201cEste ser\u00e1 un proceso de recuperaci\u00f3n largo por que la ca\u00edda fue muy grande y volver al nivel de hasta el a\u00f1o pasado ser\u00e1 algo factible hasta 2023, muy cercano a lo que public\u00f3 la Fundaci\u00f3n Salvadore\u00f1a para el Desarrollo Econ\u00f3mico y Social (Fusades). Es un proceso de que tomar\u00e1 tiempo\u201d, dijo Espinosa esta ma\u00f1ana (26.11.20) en la presentaci\u00f3n de las<strong>\u00a0Perspectivas econ\u00f3micas 2021.\u00a0<\/strong><strong>El analista tambi\u00e9n enfatiz\u00f3 que 2021 ser\u00e1 un a\u00f1o de recuperaci\u00f3n<\/strong>, pero que \u201cno ser\u00e1 el a\u00f1o donde podremos revertir todo el terreno que perdimos\u201d.\u00a0\u201cEl tama\u00f1o de la ca\u00edda es muy grande y tambi\u00e9n por que la econom\u00eda de El Salvador, como la mundial, tendr\u00e1 que seguir lidiando con todos los desaf\u00edos que trae el covid, pero tambi\u00e9n seguramente tendremos que esperar un tiempo hasta ver la soluci\u00f3n definitiva\u201d, recalc\u00f3. Espinosa sostiene que El Salvador comienza a dar se\u00f1ales de recuperaci\u00f3n y que el flujo de remesas ser\u00e1 clave en apuntalar el despegue, algo posible por el fuerte ritmo de recuperaci\u00f3n de la econom\u00eda estadounidense que ha logrado recuperar 12 millones de los 22 millones de empleos perdidos por la pandemia.\u00a0<strong>En analista tambi\u00e9n cree que la di\u00e1spora se ha visto beneficiada por los paquetes de protecci\u00f3n que implement\u00f3 Estados Unidos<\/strong>\u00a0para los desempleados, mientras que tambi\u00e9n \u2013pese al fuerte impacto de la pandemia- tiene un panorama distinto al de Europa. <strong>Fuente:\u00a0diario.elmundo.sv<\/strong><\/p>\n","protected":false},"excerpt":{"rendered":"<p>La econom\u00eda salvadore\u00f1a cerrar\u00e1 el a\u00f1o con una ca\u00edda hist\u00f3rica marcada por la pandemia del covid-19 y se alista para\u00a0un proceso de recuperaci\u00f3n que no ser\u00e1 inmediato.\u00a0Juan Pablo Espinosa, director de investigaciones econ\u00f3micas, sectoriales&#46;&#46;&#46;<\/p>\n","protected":false},"author":1,"featured_media":0,"comment_status":"open","ping_status":"closed","sticky":false,"template":"","format":"standard","meta":{"footnotes":""},"categories":[54],"tags":[],"class_list":["post-44993","post","type-post","status-publish","format-standard","hentry","category-centroamerica-seleccion"],"_links":{"self":[{"href":"https:\/\/copades.com\/monec\/index.php?rest_route=\/wp\/v2\/posts\/44993","targetHints":{"allow":["GET"]}}],"collection":[{"href":"https:\/\/copades.com\/monec\/index.php?rest_route=\/wp\/v2\/posts"}],"about":[{"href":"https:\/\/copades.com\/monec\/index.php?rest_route=\/wp\/v2\/types\/post"}],"author":[{"embeddable":true,"href":"https:\/\/copades.com\/monec\/index.php?rest_route=\/wp\/v2\/users\/1"}],"replies":[{"embeddable":true,"href":"https:\/\/copades.com\/monec\/index.php?rest_route=%2Fwp%2Fv2%2Fcomments&post=44993"}],"version-history":[{"count":1,"href":"https:\/\/copades.com\/monec\/index.php?rest_route=\/wp\/v2\/posts\/44993\/revisions"}],"predecessor-version":[{"id":44994,"href":"https:\/\/copades.com\/monec\/index.php?rest_route=\/wp\/v2\/posts\/44993\/revisions\/44994"}],"wp:attachment":[{"href":"https:\/\/copades.com\/monec\/index.php?rest_route=%2Fwp%2Fv2%2Fmedia&parent=44993"}],"wp:term":[{"taxonomy":"category","embeddable":true,"href":"https:\/\/copades.com\/monec\/index.php?rest_route=%2Fwp%2Fv2%2Fcategories&post=44993"},{"taxonomy":"post_tag","embeddable":true,"href":"https:\/\/copades.com\/monec\/index.php?rest_route=%2Fwp%2Fv2%2Ftags&post=44993"}],"curies":[{"name":"wp","href":"https:\/\/api.w.org\/{rel}","templated":true}]}}