{"id":45052,"date":"2020-12-02T11:01:17","date_gmt":"2020-12-02T17:01:17","guid":{"rendered":"http:\/\/copades.com\/monec\/?p=45052"},"modified":"2020-12-02T11:01:17","modified_gmt":"2020-12-02T17:01:17","slug":"presentan-normativa-para-retorno-a-clases-para-el-ciclo-escolar-2021","status":"publish","type":"post","link":"https:\/\/copades.com\/monec\/?p=45052","title":{"rendered":"Presentan normativa para retorno a clases para el ciclo escolar 2021"},"content":{"rendered":"<p style=\"text-align: justify;\">La Comisi\u00f3n Presidencial de Atenci\u00f3n a la Emergencia COVID-19 (Coprecovid) present\u00f3 este martes lineamientos para el retorno seguro a clases. La normativa ser\u00e1 oficializada con la publicaci\u00f3n de un acuerdo ministerial. La Comisi\u00f3n aclar\u00f3 que las decisiones sobre el ciclo escolar 2021 est\u00e1n bajo la rector\u00eda del Ministerio de Educaci\u00f3n (Mineduc) que decidir\u00e1 cu\u00e1ndo se permitir\u00e1 que los estudiantes regresen a las escuelas. Los establecimientos privados y p\u00fablicos deben preparar una planificaci\u00f3n para clases en un sistema h\u00edbrido hasta que se logre controlar la propagaci\u00f3n del virus. El sistema tambi\u00e9n promueve actividades en \u201cgrupos burbujas\u201d de cinco a diez estudiantes. <strong>Claudia Meneses<\/strong>, directora Intersectorial de COPRECOVID, explic\u00f3 que desde hace varios a\u00f1os se crearon los Comit\u00e9s de Gesti\u00f3n de Riesgo en cada centro educativo. Este Comit\u00e9 deber\u00e1 realizar un dictamen t\u00e9cnico de la infraestructura del establecimiento para decidir si tiene la infraestructura para que los menores regresen a clases presenciales y se puedan cumplir con los protocolos de seguridad. La normativa se\u00f1ala que para prevenir la propagaci\u00f3n del virus es necesario el uso permanente de la mascarilla en menores a partir de los dos a\u00f1os de edad. Los estudiantes pueden usar mascarilla de tela de dos capas, quir\u00fargica o con filtro N95 para casos especiales. Tambi\u00e9n se solicita que el personal docente y administrativo utilice una careta. \u00a0La ventilaci\u00f3n de las aulas debe ser natural. Los sistemas de aire acondicionado no son recomendables. El distanciamiento f\u00edsico permanente debe ser de 1.5 metros como m\u00ednimo. El aforo se determina seg\u00fan el sistema de alertas por municipios. (El Peri\u00f3dico\/Prensa Libre\/Diario de Centro Am\u00e9rica 02.12.20)<\/p>\n","protected":false},"excerpt":{"rendered":"<p>La Comisi\u00f3n Presidencial de Atenci\u00f3n a la Emergencia COVID-19 (Coprecovid) present\u00f3 este martes lineamientos para el retorno seguro a clases. La normativa ser\u00e1 oficializada con la publicaci\u00f3n de un acuerdo ministerial. La Comisi\u00f3n aclar\u00f3&#46;&#46;&#46;<\/p>\n","protected":false},"author":1,"featured_media":0,"comment_status":"open","ping_status":"closed","sticky":false,"template":"","format":"standard","meta":{"footnotes":""},"categories":[5,13],"tags":[6973,398],"class_list":["post-45052","post","type-post","status-publish","format-standard","hentry","category-actividad-productiva","category-educacion-y-productividad","tag-coprecovid","tag-mineduc"],"_links":{"self":[{"href":"https:\/\/copades.com\/monec\/index.php?rest_route=\/wp\/v2\/posts\/45052","targetHints":{"allow":["GET"]}}],"collection":[{"href":"https:\/\/copades.com\/monec\/index.php?rest_route=\/wp\/v2\/posts"}],"about":[{"href":"https:\/\/copades.com\/monec\/index.php?rest_route=\/wp\/v2\/types\/post"}],"author":[{"embeddable":true,"href":"https:\/\/copades.com\/monec\/index.php?rest_route=\/wp\/v2\/users\/1"}],"replies":[{"embeddable":true,"href":"https:\/\/copades.com\/monec\/index.php?rest_route=%2Fwp%2Fv2%2Fcomments&post=45052"}],"version-history":[{"count":1,"href":"https:\/\/copades.com\/monec\/index.php?rest_route=\/wp\/v2\/posts\/45052\/revisions"}],"predecessor-version":[{"id":45053,"href":"https:\/\/copades.com\/monec\/index.php?rest_route=\/wp\/v2\/posts\/45052\/revisions\/45053"}],"wp:attachment":[{"href":"https:\/\/copades.com\/monec\/index.php?rest_route=%2Fwp%2Fv2%2Fmedia&parent=45052"}],"wp:term":[{"taxonomy":"category","embeddable":true,"href":"https:\/\/copades.com\/monec\/index.php?rest_route=%2Fwp%2Fv2%2Fcategories&post=45052"},{"taxonomy":"post_tag","embeddable":true,"href":"https:\/\/copades.com\/monec\/index.php?rest_route=%2Fwp%2Fv2%2Ftags&post=45052"}],"curies":[{"name":"wp","href":"https:\/\/api.w.org\/{rel}","templated":true}]}}