{"id":45054,"date":"2020-12-02T11:03:29","date_gmt":"2020-12-02T17:03:29","guid":{"rendered":"http:\/\/copades.com\/monec\/?p=45054"},"modified":"2020-12-02T11:03:29","modified_gmt":"2020-12-02T17:03:29","slug":"pais-es-reelegido-para-integrar-organizacion-del-azucar","status":"publish","type":"post","link":"https:\/\/copades.com\/monec\/?p=45054","title":{"rendered":"Pa\u00eds es reelegido para integrar organizaci\u00f3n del az\u00facar"},"content":{"rendered":"<p style=\"text-align: justify;\">Guatemala fue reelegida para integrar el Comit\u00e9 Administrativo de la Organizaci\u00f3n Internacional del Az\u00facar (ISO, por sus siglas en ingl\u00e9s), en el marco de la 57 sesi\u00f3n del Consejo de dicha entidad, inform\u00f3 ayer el Ministerio de Relaciones Exteriores (Minex). \u201cEn los \u00faltimos 11 a\u00f1os, Guatemala ha sido elegida, consecutivamente, como miembro del Comit\u00e9 Administrativo de la ISO\u201d, indic\u00f3 el Minex. Enfatiz\u00f3 que \u201cla presencia del pa\u00eds centroamericano en el Comit\u00e9 es importante, tomando en cuenta el peso del sector azucarero en la econom\u00eda guatemalteca y que es el cuarto exportador mundial de az\u00facar (2019) y el segundo en Am\u00e9rica Latina\u201d, solo detr\u00e1s de Brasil. La ISO es un panel intergubernamental creado en 1968, tiene como objetivo promover el comercio del az\u00facar, recopilando y publicando informaci\u00f3n sobre el mercado de este producto, as\u00ed como investigando y desarrollando nuevos usos para incentivar el consumo. La delegaci\u00f3n de Guatemala, ante la ISO, fue liderada por la encargada de negocios de la embajada de Guatemala en Londres, <strong>Olga Mar\u00eda P\u00e9rez<\/strong>. (Diario de Centro Am\u00e9rica 02.12.20)<\/p>\n","protected":false},"excerpt":{"rendered":"<p>Guatemala fue reelegida para integrar el Comit\u00e9 Administrativo de la Organizaci\u00f3n Internacional del Az\u00facar (ISO, por sus siglas en ingl\u00e9s), en el marco de la 57 sesi\u00f3n del Consejo de dicha entidad, inform\u00f3 ayer&#46;&#46;&#46;<\/p>\n","protected":false},"author":1,"featured_media":0,"comment_status":"open","ping_status":"closed","sticky":false,"template":"","format":"standard","meta":{"footnotes":""},"categories":[24,28],"tags":[637,180],"class_list":["post-45054","post","type-post","status-publish","format-standard","hentry","category-comercio-exterior","category-exportaciones-de-azucar","tag-iso","tag-minex"],"_links":{"self":[{"href":"https:\/\/copades.com\/monec\/index.php?rest_route=\/wp\/v2\/posts\/45054","targetHints":{"allow":["GET"]}}],"collection":[{"href":"https:\/\/copades.com\/monec\/index.php?rest_route=\/wp\/v2\/posts"}],"about":[{"href":"https:\/\/copades.com\/monec\/index.php?rest_route=\/wp\/v2\/types\/post"}],"author":[{"embeddable":true,"href":"https:\/\/copades.com\/monec\/index.php?rest_route=\/wp\/v2\/users\/1"}],"replies":[{"embeddable":true,"href":"https:\/\/copades.com\/monec\/index.php?rest_route=%2Fwp%2Fv2%2Fcomments&post=45054"}],"version-history":[{"count":1,"href":"https:\/\/copades.com\/monec\/index.php?rest_route=\/wp\/v2\/posts\/45054\/revisions"}],"predecessor-version":[{"id":45055,"href":"https:\/\/copades.com\/monec\/index.php?rest_route=\/wp\/v2\/posts\/45054\/revisions\/45055"}],"wp:attachment":[{"href":"https:\/\/copades.com\/monec\/index.php?rest_route=%2Fwp%2Fv2%2Fmedia&parent=45054"}],"wp:term":[{"taxonomy":"category","embeddable":true,"href":"https:\/\/copades.com\/monec\/index.php?rest_route=%2Fwp%2Fv2%2Fcategories&post=45054"},{"taxonomy":"post_tag","embeddable":true,"href":"https:\/\/copades.com\/monec\/index.php?rest_route=%2Fwp%2Fv2%2Ftags&post=45054"}],"curies":[{"name":"wp","href":"https:\/\/api.w.org\/{rel}","templated":true}]}}