{"id":45101,"date":"2020-12-04T12:28:24","date_gmt":"2020-12-04T18:28:24","guid":{"rendered":"http:\/\/copades.com\/monec\/?p=45101"},"modified":"2020-12-04T12:28:24","modified_gmt":"2020-12-04T18:28:24","slug":"produccion-revierte-caida-y-recupera-ritmo-positivo","status":"publish","type":"post","link":"https:\/\/copades.com\/monec\/?p=45101","title":{"rendered":"Producci\u00f3n revierte ca\u00edda y recupera ritmo positivo"},"content":{"rendered":"<p style=\"text-align: justify;\">Luego de siete meses de estar en terreno negativo, el <strong>\u00cdndice Mensual de la Actividad Econ\u00f3mica (Imae) salt\u00f3 a terreno positivo y en octubre se situ\u00f3 en 1.3%<\/strong>, al igual que el ingreso de <strong>remesas familiares que a noviembre creci\u00f3 a 6.4%<\/strong>. A pesar de esa mejora, el <strong>\u00cdndice de Confianza de la Actividad Econ\u00f3mica (Icae) retrocedi\u00f3 en noviembre para ubicarse en 49.03<\/strong> puntos menor a los 52.24 puntos de octubre. Los acontecimientos que se presentaron en noviembre \u2013como la observaci\u00f3n de riesgos pa\u00eds, los estragos causados por las tormentas Eta e Iota y la aprobaci\u00f3n y archivo del presupuesto 2021 por el Congreso, junto a la petici\u00f3n de renuncia al presidente <strong>Alejandro Giammattei<\/strong> por el vicepresidente y las jornadas de protestas\u2013 pudieron influir en las expectativas de los agentes econ\u00f3micos. El Imae present\u00f3 una recuperaci\u00f3n en octubre y se situ\u00f3 en 1.3%, dejando atr\u00e1s los meses en que cay\u00f3 en negativo en el segundo y tercer trimestre. En el cuarto trimestre, el indicador mostr\u00f3 una recuperaci\u00f3n y refleja una imagen en \u201cV\u201d, es decir, cae, pero r\u00e1pidamente se recupera. En los 10 meses del a\u00f1o, seis ubicaron al \u00edndice en terreno negativo, tres en positivo y en uno no hubo crecimiento ni baja por el efecto del covid-19. En mayo se experiment\u00f3 una ca\u00edda profunda de -10.9% y en enero se dio el porcentaje m\u00e1s alto: 4.9%. <strong>Sergio Recinos<\/strong>, presidente del Banguat, expuso que el comportamiento del Imae y, por ende, la estimaci\u00f3n de crecimiento del PIB, es producto de la respuesta de pol\u00edtica sanidad y econ\u00f3mica durante la pandemia. <strong>Eduardo Gir\u00f3n<\/strong>, presidente de la C\u00e1mara de Industria de Guatemala (CIG), afirm\u00f3 que los resultados del Imae son muy positivos y alentadores, y reflejan la r\u00e1pida respuesta que est\u00e1 teniendo la econom\u00eda luego de la apertura. (Prensa Libre 04.12.20)<\/p>\n","protected":false},"excerpt":{"rendered":"<p>Luego de siete meses de estar en terreno negativo, el \u00cdndice Mensual de la Actividad Econ\u00f3mica (Imae) salt\u00f3 a terreno positivo y en octubre se situ\u00f3 en 1.3%, al igual que el ingreso de&#46;&#46;&#46;<\/p>\n","protected":false},"author":1,"featured_media":0,"comment_status":"open","ping_status":"closed","sticky":false,"template":"","format":"standard","meta":{"footnotes":""},"categories":[9,5],"tags":[6782,6455,445],"class_list":["post-45101","post","type-post","status-publish","format-standard","hentry","category-actividad-productiva-actividad-productiva","category-actividad-productiva","tag-alejandro-giammattei","tag-icae","tag-imae"],"_links":{"self":[{"href":"https:\/\/copades.com\/monec\/index.php?rest_route=\/wp\/v2\/posts\/45101","targetHints":{"allow":["GET"]}}],"collection":[{"href":"https:\/\/copades.com\/monec\/index.php?rest_route=\/wp\/v2\/posts"}],"about":[{"href":"https:\/\/copades.com\/monec\/index.php?rest_route=\/wp\/v2\/types\/post"}],"author":[{"embeddable":true,"href":"https:\/\/copades.com\/monec\/index.php?rest_route=\/wp\/v2\/users\/1"}],"replies":[{"embeddable":true,"href":"https:\/\/copades.com\/monec\/index.php?rest_route=%2Fwp%2Fv2%2Fcomments&post=45101"}],"version-history":[{"count":1,"href":"https:\/\/copades.com\/monec\/index.php?rest_route=\/wp\/v2\/posts\/45101\/revisions"}],"predecessor-version":[{"id":45102,"href":"https:\/\/copades.com\/monec\/index.php?rest_route=\/wp\/v2\/posts\/45101\/revisions\/45102"}],"wp:attachment":[{"href":"https:\/\/copades.com\/monec\/index.php?rest_route=%2Fwp%2Fv2%2Fmedia&parent=45101"}],"wp:term":[{"taxonomy":"category","embeddable":true,"href":"https:\/\/copades.com\/monec\/index.php?rest_route=%2Fwp%2Fv2%2Fcategories&post=45101"},{"taxonomy":"post_tag","embeddable":true,"href":"https:\/\/copades.com\/monec\/index.php?rest_route=%2Fwp%2Fv2%2Ftags&post=45101"}],"curies":[{"name":"wp","href":"https:\/\/api.w.org\/{rel}","templated":true}]}}