{"id":45105,"date":"2020-12-04T12:38:56","date_gmt":"2020-12-04T18:38:56","guid":{"rendered":"http:\/\/copades.com\/monec\/?p=45105"},"modified":"2020-12-04T12:38:56","modified_gmt":"2020-12-04T18:38:56","slug":"sector-empresarial-apuesta-por-una-agenda-regional-de-largo-plazo","status":"publish","type":"post","link":"https:\/\/copades.com\/monec\/?p=45105","title":{"rendered":"Sector empresarial apuesta por una agenda regional de largo plazo"},"content":{"rendered":"<p style=\"text-align: justify;\">La pandemia de COVVID-19 y las tormentas que impactaron varios pa\u00edses en Centroam\u00e9rica deben ser la oportunidad para reinventarnos y trazar un camino para alcanzar crecimientos sostenidos y el desarrollo, afirm\u00f3 el presidente del Comit\u00e9 Coordinador de Asociaciones Agr\u00edcolas, Comerciales, Industriales y Financieras (CACIF), <strong>Nils Leporowski<\/strong>, durante la inauguraci\u00f3n del Di\u00e1logo Empresarial 2020. Este ha sido un a\u00f1o complejo con situaciones negativas dijo Leporowski al presentar el di\u00e1logo en el que participan organizaciones empresariales; la Fundaci\u00f3n Salvadore\u00f1a para el Desarrollo Econ\u00f3mico (Fusades) y la Fundaci\u00f3n para el Desarrollo de Guatemala (Fundesa) que se busca impulsar una estrategia regional de largo plazo, considerando los retos que deja la pandemia y los fen\u00f3menos clim\u00e1ticos. El Di\u00e1logo Empresarial 2020: Hacia una nueva y mejor normalidad, aborda aspectos como el combate a la corrupci\u00f3n, transformaci\u00f3n tecnol\u00f3gica, Estado de derecho, recuperar la confianza de los consumidores y las oportunidades para atraer inversiones que generen empleo. Julio Giraut, de la consultora Mckinsey, apunt\u00f3 que la pandemia tendr\u00e1 efectos profundos para las econom\u00edas y recuperar la confianza de los consumidores es un punto clave para reactivar la actividad econ\u00f3mica. A\u00f1adi\u00f3 que contar con la vacuna mejora la confianza, pero el reto est\u00e1 en la estrategia para su distribuci\u00f3n. Leporowski indic\u00f3 que se debe trazar una propuesta para reactivar las econom\u00edas en 2021, y en el caso del CACIF ya se present\u00f3 un plan con acciones para el combate a la pobreza, lograr el crecimiento sostenido; impulsar la creaci\u00f3n de empleo formal y fortalecer la gesti\u00f3n p\u00fablica. La lucha contra la corrupci\u00f3n es uno de los pilares en los que se debe poner \u00e9nfasis, ya que representa una p\u00e9rdida de US$13 millardos anuales para la regi\u00f3n, dijo al proponer un frente centroamericano contra la corrupci\u00f3n. (El Peri\u00f3dico\/Prensa Libre 04.12.20)<\/p>\n","protected":false},"excerpt":{"rendered":"<p>La pandemia de COVVID-19 y las tormentas que impactaron varios pa\u00edses en Centroam\u00e9rica deben ser la oportunidad para reinventarnos y trazar un camino para alcanzar crecimientos sostenidos y el desarrollo, afirm\u00f3 el presidente del&#46;&#46;&#46;<\/p>\n","protected":false},"author":1,"featured_media":0,"comment_status":"open","ping_status":"closed","sticky":false,"template":"","format":"standard","meta":{"footnotes":""},"categories":[47],"tags":[250,537,992],"class_list":["post-45105","post","type-post","status-publish","format-standard","hentry","category-integracion-centroamericana","tag-cacif","tag-fundesa","tag-fusades"],"_links":{"self":[{"href":"https:\/\/copades.com\/monec\/index.php?rest_route=\/wp\/v2\/posts\/45105","targetHints":{"allow":["GET"]}}],"collection":[{"href":"https:\/\/copades.com\/monec\/index.php?rest_route=\/wp\/v2\/posts"}],"about":[{"href":"https:\/\/copades.com\/monec\/index.php?rest_route=\/wp\/v2\/types\/post"}],"author":[{"embeddable":true,"href":"https:\/\/copades.com\/monec\/index.php?rest_route=\/wp\/v2\/users\/1"}],"replies":[{"embeddable":true,"href":"https:\/\/copades.com\/monec\/index.php?rest_route=%2Fwp%2Fv2%2Fcomments&post=45105"}],"version-history":[{"count":1,"href":"https:\/\/copades.com\/monec\/index.php?rest_route=\/wp\/v2\/posts\/45105\/revisions"}],"predecessor-version":[{"id":45106,"href":"https:\/\/copades.com\/monec\/index.php?rest_route=\/wp\/v2\/posts\/45105\/revisions\/45106"}],"wp:attachment":[{"href":"https:\/\/copades.com\/monec\/index.php?rest_route=%2Fwp%2Fv2%2Fmedia&parent=45105"}],"wp:term":[{"taxonomy":"category","embeddable":true,"href":"https:\/\/copades.com\/monec\/index.php?rest_route=%2Fwp%2Fv2%2Fcategories&post=45105"},{"taxonomy":"post_tag","embeddable":true,"href":"https:\/\/copades.com\/monec\/index.php?rest_route=%2Fwp%2Fv2%2Ftags&post=45105"}],"curies":[{"name":"wp","href":"https:\/\/api.w.org\/{rel}","templated":true}]}}