{"id":45502,"date":"2020-12-15T15:43:56","date_gmt":"2020-12-15T21:43:56","guid":{"rendered":"http:\/\/copades.com\/monec\/?p=45502"},"modified":"2021-01-14T11:29:59","modified_gmt":"2021-01-14T17:29:59","slug":"guatemala-baja-en-ranking-del-indice-de-desarrollo-humano-2020","status":"publish","type":"post","link":"https:\/\/copades.com\/monec\/?p=45502","title":{"rendered":"Guatemala baja en ranking del \u00cdndice de Desarrollo Humano 2020"},"content":{"rendered":"<p style=\"text-align: justify;\">Una nueva manera de conceptualizar el desarrollo humano de los pa\u00edses vincula interacci\u00f3n de estos con el planeta. El informe titulado La pr\u00f3xima frontera, El desarrollo humano y el Antropoceno, que se publica este martes en todo el mundo a 30 a\u00f1os del primer trabajo desarrollado por Programa de las Naciones Unidas para el desarrollo (PNUD), plantea un camino de progreso m\u00e1s amigable al medio ambiente y m\u00e1s sostenible, en armon\u00eda con las personas. En lo que respecta al \u00cdndice de Desarrollo Humano (IDH), este a\u00f1o Guatemala pas\u00f3 de la posici\u00f3n 126, que ocup\u00f3 en el 2018, a la 127 entre 189 naciones analizadas. Con datos que corresponden al a\u00f1o pasado, el pa\u00eds contin\u00faa en el nivel de desarrollo medio junto a El Salvador, que lo precede. Nicaragua y Honduras est\u00e1n por debajo, en las posiciones 128 y 132, respectivamente. Mientras que Costa Rica est\u00e1 en un puesto superior, el mejor de la regi\u00f3n, el 62. Si bien hay indicadores donde en los que el pa\u00eds muestra una m\u00ednima mejor\u00eda con relaci\u00f3n al a\u00f1o pasado, como esperanza de vida al nacer y a\u00f1os promedio de escolaridad, en otros tiene un retroceso, como la cantidad de m\u00e9dicos y camas de hospital por cada 10 mil habitantes, un tema que cobra relevancia ante la actual crisis sanitaria generada por el covid-19. Con respecto al tema de educaci\u00f3n se ha estancado. (Prensa Libre 15.12.20)<\/p>\n","protected":false},"excerpt":{"rendered":"<p>Una nueva manera de conceptualizar el desarrollo humano de los pa\u00edses vincula interacci\u00f3n de estos con el planeta. El informe titulado La pr\u00f3xima frontera, El desarrollo humano y el Antropoceno, que se publica este&#46;&#46;&#46;<\/p>\n","protected":false},"author":1,"featured_media":0,"comment_status":"open","ping_status":"closed","sticky":false,"template":"","format":"standard","meta":{"footnotes":""},"categories":[49],"tags":[943,497],"class_list":["post-45502","post","type-post","status-publish","format-standard","hentry","category-poblacion-empleos-y-salarios","tag-idh","tag-pnud"],"_links":{"self":[{"href":"https:\/\/copades.com\/monec\/index.php?rest_route=\/wp\/v2\/posts\/45502","targetHints":{"allow":["GET"]}}],"collection":[{"href":"https:\/\/copades.com\/monec\/index.php?rest_route=\/wp\/v2\/posts"}],"about":[{"href":"https:\/\/copades.com\/monec\/index.php?rest_route=\/wp\/v2\/types\/post"}],"author":[{"embeddable":true,"href":"https:\/\/copades.com\/monec\/index.php?rest_route=\/wp\/v2\/users\/1"}],"replies":[{"embeddable":true,"href":"https:\/\/copades.com\/monec\/index.php?rest_route=%2Fwp%2Fv2%2Fcomments&post=45502"}],"version-history":[{"count":1,"href":"https:\/\/copades.com\/monec\/index.php?rest_route=\/wp\/v2\/posts\/45502\/revisions"}],"predecessor-version":[{"id":45503,"href":"https:\/\/copades.com\/monec\/index.php?rest_route=\/wp\/v2\/posts\/45502\/revisions\/45503"}],"wp:attachment":[{"href":"https:\/\/copades.com\/monec\/index.php?rest_route=%2Fwp%2Fv2%2Fmedia&parent=45502"}],"wp:term":[{"taxonomy":"category","embeddable":true,"href":"https:\/\/copades.com\/monec\/index.php?rest_route=%2Fwp%2Fv2%2Fcategories&post=45502"},{"taxonomy":"post_tag","embeddable":true,"href":"https:\/\/copades.com\/monec\/index.php?rest_route=%2Fwp%2Fv2%2Ftags&post=45502"}],"curies":[{"name":"wp","href":"https:\/\/api.w.org\/{rel}","templated":true}]}}