{"id":45599,"date":"2021-01-18T12:02:56","date_gmt":"2021-01-18T18:02:56","guid":{"rendered":"http:\/\/copades.com\/monec\/?p=45599"},"modified":"2021-01-18T12:02:56","modified_gmt":"2021-01-18T18:02:56","slug":"inde-busca-de-nuevo-recursos-para-el-subsidio-a-la-energia-en-el-2021","status":"publish","type":"post","link":"https:\/\/copades.com\/monec\/?p=45599","title":{"rendered":"Inde busca de nuevo recursos para el subsidio a la energ\u00eda en el 2021"},"content":{"rendered":"<p style=\"text-align: justify;\">El presidente del Instituto Nacional de Electrificaci\u00f3n (Inde), <strong>Alberto Pimentel<\/strong>, dijo que est\u00e1n garantizado el subsidio para el mes de enero y febrero, pero buscan m\u00e1s fondos para mantener el subsidio a los usuarios de 0 a 88 kilovatios hora al mes por el resto del a\u00f1o. Para ese subsidio se requieren alrededor del Q70 millones al mes, dijo el funcionario. El monto representa m\u00e1s de Q800 millones al a\u00f1o, sin embargo, el Inde desde hace cuatro a\u00f1os inform\u00f3 que solo puede aportar con sus fondos propios el 15% de sus ingresos que representan alrededor de Q350 millones. El Ministerio de Finanzas (Minfin) public\u00f3 esta semana en el Diario de Centro Am\u00e9rica el presupuesto del Inde para el 2021. Este a\u00fan incluye el monto de Q630 millones aportados el a\u00f1o pasado para cubrir el subsidio extraordinario a usuarios debido a la pandemia, ya que como no fue aprobado el presupuesto del para este a\u00f1o debe seguir el que estaba vigente en el 2020. Sin embargo, Pimentel explic\u00f3 que dicho presupuesto se modificar\u00e1 para readecuar los ingresos, porque no cree que le den de nuevo el monto en menci\u00f3n, que provino de bonos del tesoro. <strong>Carlos Colom<\/strong> y <strong>Carmen Urizar<\/strong>, expresidentes de la Comisi\u00f3n Nacional de Energ\u00eda El\u00e9ctrica (CNEE), comentaron que el Inde ha tenido que buscar fondos cada a\u00f1o por varias razones. Una de estas es que en la Ley de Tarifa Social en 1999, fue establecido el beneficio del subsidio para los usuarios sin embargo no se estableci\u00f3 ninguna fuente de financiamiento por lo que desde el inicio se ha cubierto con recursos propios del Inde, expuso Colom. (Prensa Libre 18.01.21)<\/p>\n","protected":false},"excerpt":{"rendered":"<p>El presidente del Instituto Nacional de Electrificaci\u00f3n (Inde), Alberto Pimentel, dijo que est\u00e1n garantizado el subsidio para el mes de enero y febrero, pero buscan m\u00e1s fondos para mantener el subsidio a los usuarios&#46;&#46;&#46;<\/p>\n","protected":false},"author":1,"featured_media":0,"comment_status":"open","ping_status":"closed","sticky":false,"template":"","format":"standard","meta":{"footnotes":""},"categories":[5,14],"tags":[151,292,206],"class_list":["post-45599","post","type-post","status-publish","format-standard","hentry","category-actividad-productiva","category-energia-electrica","tag-cnee","tag-inde","tag-minfin"],"_links":{"self":[{"href":"https:\/\/copades.com\/monec\/index.php?rest_route=\/wp\/v2\/posts\/45599","targetHints":{"allow":["GET"]}}],"collection":[{"href":"https:\/\/copades.com\/monec\/index.php?rest_route=\/wp\/v2\/posts"}],"about":[{"href":"https:\/\/copades.com\/monec\/index.php?rest_route=\/wp\/v2\/types\/post"}],"author":[{"embeddable":true,"href":"https:\/\/copades.com\/monec\/index.php?rest_route=\/wp\/v2\/users\/1"}],"replies":[{"embeddable":true,"href":"https:\/\/copades.com\/monec\/index.php?rest_route=%2Fwp%2Fv2%2Fcomments&post=45599"}],"version-history":[{"count":1,"href":"https:\/\/copades.com\/monec\/index.php?rest_route=\/wp\/v2\/posts\/45599\/revisions"}],"predecessor-version":[{"id":45600,"href":"https:\/\/copades.com\/monec\/index.php?rest_route=\/wp\/v2\/posts\/45599\/revisions\/45600"}],"wp:attachment":[{"href":"https:\/\/copades.com\/monec\/index.php?rest_route=%2Fwp%2Fv2%2Fmedia&parent=45599"}],"wp:term":[{"taxonomy":"category","embeddable":true,"href":"https:\/\/copades.com\/monec\/index.php?rest_route=%2Fwp%2Fv2%2Fcategories&post=45599"},{"taxonomy":"post_tag","embeddable":true,"href":"https:\/\/copades.com\/monec\/index.php?rest_route=%2Fwp%2Fv2%2Ftags&post=45599"}],"curies":[{"name":"wp","href":"https:\/\/api.w.org\/{rel}","templated":true}]}}