{"id":45603,"date":"2021-01-18T12:06:58","date_gmt":"2021-01-18T18:06:58","guid":{"rendered":"http:\/\/copades.com\/monec\/?p=45603"},"modified":"2021-01-18T12:06:58","modified_gmt":"2021-01-18T18:06:58","slug":"pese-a-la-pandemia-el-parque-vehicular-crecio-un-8-en-2020-en-guatemala","status":"publish","type":"post","link":"https:\/\/copades.com\/monec\/?p=45603","title":{"rendered":"Pese a la pandemia, el parque vehicular creci\u00f3 un 8% en 2020 en Guatemala"},"content":{"rendered":"<p style=\"text-align: justify;\">Hasta el 14 de enero, hay inscritos cuatro millones 110 mil 462 unidades en el Registro Fiscal de Veh\u00edculos de la Superintendencia de Administraci\u00f3n Tributaria (SAT), y a pesar de los efectos de la pandemia que provoc\u00f3 una contracci\u00f3n en la econom\u00eda, hubo un crecimiento positivo. En total se sumaron 315 mil 284 unidades, lo que signific\u00f3 un aumento de 8.4% con relaci\u00f3n al 2019, cuando fue de tres millones 795 mil 178. Del 2019 al 2018, el aumento fue de 8.2%, seg\u00fan las estad\u00edsticas. Las personas que tengan alg\u00fan adeudo en el pago del impuesto sobre circulaci\u00f3n de veh\u00edculos (ISCV), por tres a\u00f1os, autom\u00e1ticamente el sistema de la SAT les da baja, por lo que se considera que ese el n\u00famero de unidades vehiculares en circulaci\u00f3n. <strong>C\u00e9sar Am\u00e9zquita<\/strong>, gerente general de la Asociaci\u00f3n de Importadores de Motocicletas (Asim), declar\u00f3 que, en 2020, se emitieron nuevas placas para 242 mil unidades de motocicletas -que incluyen nuevas y usadas-. Explic\u00f3 que la comercializaci\u00f3n de motos tuvo un incremento entre 15 a 20%, y los agremiados, reportando 228 mil unidades nuevas. (Prensa Libre 18.01.21)<\/p>\n","protected":false},"excerpt":{"rendered":"<p>Hasta el 14 de enero, hay inscritos cuatro millones 110 mil 462 unidades en el Registro Fiscal de Veh\u00edculos de la Superintendencia de Administraci\u00f3n Tributaria (SAT), y a pesar de los efectos de la&#46;&#46;&#46;<\/p>\n","protected":false},"author":1,"featured_media":0,"comment_status":"open","ping_status":"closed","sticky":false,"template":"","format":"standard","meta":{"footnotes":""},"categories":[41,39],"tags":[542,329,79],"class_list":["post-45603","post","type-post","status-publish","format-standard","hentry","category-finanzas-publicas","category-sector-publico","tag-asim","tag-iscv","tag-sat"],"_links":{"self":[{"href":"https:\/\/copades.com\/monec\/index.php?rest_route=\/wp\/v2\/posts\/45603","targetHints":{"allow":["GET"]}}],"collection":[{"href":"https:\/\/copades.com\/monec\/index.php?rest_route=\/wp\/v2\/posts"}],"about":[{"href":"https:\/\/copades.com\/monec\/index.php?rest_route=\/wp\/v2\/types\/post"}],"author":[{"embeddable":true,"href":"https:\/\/copades.com\/monec\/index.php?rest_route=\/wp\/v2\/users\/1"}],"replies":[{"embeddable":true,"href":"https:\/\/copades.com\/monec\/index.php?rest_route=%2Fwp%2Fv2%2Fcomments&post=45603"}],"version-history":[{"count":1,"href":"https:\/\/copades.com\/monec\/index.php?rest_route=\/wp\/v2\/posts\/45603\/revisions"}],"predecessor-version":[{"id":45604,"href":"https:\/\/copades.com\/monec\/index.php?rest_route=\/wp\/v2\/posts\/45603\/revisions\/45604"}],"wp:attachment":[{"href":"https:\/\/copades.com\/monec\/index.php?rest_route=%2Fwp%2Fv2%2Fmedia&parent=45603"}],"wp:term":[{"taxonomy":"category","embeddable":true,"href":"https:\/\/copades.com\/monec\/index.php?rest_route=%2Fwp%2Fv2%2Fcategories&post=45603"},{"taxonomy":"post_tag","embeddable":true,"href":"https:\/\/copades.com\/monec\/index.php?rest_route=%2Fwp%2Fv2%2Ftags&post=45603"}],"curies":[{"name":"wp","href":"https:\/\/api.w.org\/{rel}","templated":true}]}}