{"id":45623,"date":"2021-01-19T11:50:04","date_gmt":"2021-01-19T17:50:04","guid":{"rendered":"http:\/\/copades.com\/monec\/?p=45623"},"modified":"2021-01-19T11:50:04","modified_gmt":"2021-01-19T17:50:04","slug":"biden-busca-ampliar-reforma-migratoria","status":"publish","type":"post","link":"https:\/\/copades.com\/monec\/?p=45623","title":{"rendered":"Biden busca ampliar reforma migratoria"},"content":{"rendered":"<p style=\"text-align: justify;\">El presidente electo de Estados Unidos, <strong>Joe Biden<\/strong>, tiene planeado enviar el mismo mi\u00e9rcoles una propuesta de reforma migratoria al Congreso que incluir\u00e1 varios ejes, seg\u00fan <em>The Washington Post<\/em>. El proyecto de Biden incluir\u00eda una v\u00eda hacia la ciudadan\u00eda para 11 millones de migrantes indocumentados, una expansi\u00f3n de la admisi\u00f3n de refugiados y un plan de tecnolog\u00eda para patrullar la frontera. \u00a0Adem\u00e1s, se incluye un programa econ\u00f3mico para Centroam\u00e9rica con el fin de abordar las causas de la migraci\u00f3n, seg\u00fan el Post. Esto, de acuerdo con personas enteradas del asunto que hablaron bajo condici\u00f3n de anonimato con el diario. La pieza central del plan es la v\u00eda de ocho a\u00f1os, que pondr\u00eda a millones de inmigrantes calificados en un estado temporal durante cinco a\u00f1os y luego les otorgar\u00eda una tarjeta verde una vez que cumplan con ciertos requisitos, como verificaci\u00f3n de antecedentes y pago de impuestos. Estos podr\u00edan solicitar la ciudadan\u00eda tres a\u00f1os despu\u00e9s. Biden espera establecer un programa que otorgue a menores de Centroam\u00e9rica la residencia legal temporal en Estados Unidos. La administraci\u00f3n del presidente electo quiere establecer un programa de reunificaci\u00f3n para los familiares centroamericanos de ciudadanos estadounidenses que permita que aquellos que ya han sido aprobados para la residencia en Estados Unidos sean admitidos en el pa\u00eds. (El Peri\u00f3dico 19.01.21)<\/p>\n","protected":false},"excerpt":{"rendered":"<p>El presidente electo de Estados Unidos, Joe Biden, tiene planeado enviar el mismo mi\u00e9rcoles una propuesta de reforma migratoria al Congreso que incluir\u00e1 varios ejes, seg\u00fan The Washington Post. El proyecto de Biden incluir\u00eda&#46;&#46;&#46;<\/p>\n","protected":false},"author":1,"featured_media":0,"comment_status":"open","ping_status":"closed","sticky":false,"template":"","format":"standard","meta":{"footnotes":""},"categories":[55],"tags":[2670,7149],"class_list":["post-45623","post","type-post","status-publish","format-standard","hentry","category-internacionales-seleccion","tag-joe-biden","tag-migrantes-indocumentados"],"_links":{"self":[{"href":"https:\/\/copades.com\/monec\/index.php?rest_route=\/wp\/v2\/posts\/45623","targetHints":{"allow":["GET"]}}],"collection":[{"href":"https:\/\/copades.com\/monec\/index.php?rest_route=\/wp\/v2\/posts"}],"about":[{"href":"https:\/\/copades.com\/monec\/index.php?rest_route=\/wp\/v2\/types\/post"}],"author":[{"embeddable":true,"href":"https:\/\/copades.com\/monec\/index.php?rest_route=\/wp\/v2\/users\/1"}],"replies":[{"embeddable":true,"href":"https:\/\/copades.com\/monec\/index.php?rest_route=%2Fwp%2Fv2%2Fcomments&post=45623"}],"version-history":[{"count":1,"href":"https:\/\/copades.com\/monec\/index.php?rest_route=\/wp\/v2\/posts\/45623\/revisions"}],"predecessor-version":[{"id":45624,"href":"https:\/\/copades.com\/monec\/index.php?rest_route=\/wp\/v2\/posts\/45623\/revisions\/45624"}],"wp:attachment":[{"href":"https:\/\/copades.com\/monec\/index.php?rest_route=%2Fwp%2Fv2%2Fmedia&parent=45623"}],"wp:term":[{"taxonomy":"category","embeddable":true,"href":"https:\/\/copades.com\/monec\/index.php?rest_route=%2Fwp%2Fv2%2Fcategories&post=45623"},{"taxonomy":"post_tag","embeddable":true,"href":"https:\/\/copades.com\/monec\/index.php?rest_route=%2Fwp%2Fv2%2Ftags&post=45623"}],"curies":[{"name":"wp","href":"https:\/\/api.w.org\/{rel}","templated":true}]}}