{"id":45695,"date":"2021-01-25T10:38:54","date_gmt":"2021-01-25T16:38:54","guid":{"rendered":"http:\/\/copades.com\/monec\/?p=45695"},"modified":"2021-01-25T10:38:54","modified_gmt":"2021-01-25T16:38:54","slug":"cepal-comercio-de-america-latina-se-desintegra","status":"publish","type":"post","link":"https:\/\/copades.com\/monec\/?p=45695","title":{"rendered":"CEPAL: comercio de Am\u00e9rica Latina se \u201cdesintegra\u201d"},"content":{"rendered":"<p style=\"text-align: justify;\">El comercio exterior de Am\u00e9rica Latina y el Caribe se desmorona y tuvo en 2020 su peor desempe\u00f1o desde la crisis financiera mundial de 2009-2009, particularmente por la pandemia del COVID-19, alert\u00f3 la Comisi\u00f3n Econ\u00f3mica para Am\u00e9rica Latina y el Caribe (CEPAL) en un informe. \u201cLa regi\u00f3n se \u2018desintegra\u2019 comercial y productivamente desde mediados de la d\u00e9cada pasada, coincidiendo con su menor crecimiento en siete d\u00e9cadas. Esto es muy preocupante\u201d, dijo la secretaria ejecutiva de la CEPAL, Alicia B\u00e1rcena, al presentar en Santiago de Chile el informe anual del organismo de las Naciones Unidas. El trabajo, \u2018Perspectivas del Comercio Internacional de Am\u00e9rica Latina y el Caribe 2020\u2019, indica que el valor de las exportaciones regionales disminuy\u00f3 13 por ciento en 2020, mientras que las importaciones cayeron 20 por ciento. De todas formas, la contracci\u00f3n del valor exportado es menor que la proyectada por el organismo a comienzos de agosto del a\u00f1o pasado (-23 por ciento). B\u00e1rcena subray\u00f3 la importancia de \u201cprofundizar la integraci\u00f3n para impulsar la recuperaci\u00f3n regional\u201d. \u201cSe requiere una mayor convergencia entre los distintos mecanismos de integraci\u00f3n para superar la fragmentaci\u00f3n del mercado regional y apoyar una recuperaci\u00f3n sostenible e inclusiva\u201d, sostuvo. (El Peri\u00f3dico 25.01.21)<\/p>\n","protected":false},"excerpt":{"rendered":"<p>El comercio exterior de Am\u00e9rica Latina y el Caribe se desmorona y tuvo en 2020 su peor desempe\u00f1o desde la crisis financiera mundial de 2009-2009, particularmente por la pandemia del COVID-19, alert\u00f3 la Comisi\u00f3n&#46;&#46;&#46;<\/p>\n","protected":false},"author":1,"featured_media":0,"comment_status":"open","ping_status":"closed","sticky":false,"template":"","format":"standard","meta":{"footnotes":""},"categories":[55],"tags":[141,6902],"class_list":["post-45695","post","type-post","status-publish","format-standard","hentry","category-internacionales-seleccion","tag-cepal","tag-covid-19"],"_links":{"self":[{"href":"https:\/\/copades.com\/monec\/index.php?rest_route=\/wp\/v2\/posts\/45695","targetHints":{"allow":["GET"]}}],"collection":[{"href":"https:\/\/copades.com\/monec\/index.php?rest_route=\/wp\/v2\/posts"}],"about":[{"href":"https:\/\/copades.com\/monec\/index.php?rest_route=\/wp\/v2\/types\/post"}],"author":[{"embeddable":true,"href":"https:\/\/copades.com\/monec\/index.php?rest_route=\/wp\/v2\/users\/1"}],"replies":[{"embeddable":true,"href":"https:\/\/copades.com\/monec\/index.php?rest_route=%2Fwp%2Fv2%2Fcomments&post=45695"}],"version-history":[{"count":1,"href":"https:\/\/copades.com\/monec\/index.php?rest_route=\/wp\/v2\/posts\/45695\/revisions"}],"predecessor-version":[{"id":45697,"href":"https:\/\/copades.com\/monec\/index.php?rest_route=\/wp\/v2\/posts\/45695\/revisions\/45697"}],"wp:attachment":[{"href":"https:\/\/copades.com\/monec\/index.php?rest_route=%2Fwp%2Fv2%2Fmedia&parent=45695"}],"wp:term":[{"taxonomy":"category","embeddable":true,"href":"https:\/\/copades.com\/monec\/index.php?rest_route=%2Fwp%2Fv2%2Fcategories&post=45695"},{"taxonomy":"post_tag","embeddable":true,"href":"https:\/\/copades.com\/monec\/index.php?rest_route=%2Fwp%2Fv2%2Ftags&post=45695"}],"curies":[{"name":"wp","href":"https:\/\/api.w.org\/{rel}","templated":true}]}}