{"id":46355,"date":"2021-03-09T10:03:18","date_gmt":"2021-03-09T16:03:18","guid":{"rendered":"http:\/\/copades.com\/monec\/?p=46355"},"modified":"2021-03-12T10:05:30","modified_gmt":"2021-03-12T16:05:30","slug":"fuerza-laboral-juvenil-se-enfrenta-a-un-mercado-deprimido-por-la-pandemia","status":"publish","type":"post","link":"https:\/\/copades.com\/monec\/?p=46355","title":{"rendered":"Fuerza laboral juvenil se enfrenta a un mercado deprimido por la pandemia"},"content":{"rendered":"<p style=\"text-align: justify;\">La ejecutiva de la Comisi\u00f3n Econ\u00f3mica para Am\u00e9rica Latina y el Caribe (CEPAL), <strong>Alicia B\u00e1rcena<\/strong>, dijo que el impacto m\u00e1s fuerte de la pandemia es la p\u00e9rdida de empleo, y los m\u00e1s golpeados son los trabajadores informales, y los j\u00f3venes. En Guatemala, el impacto en los j\u00f3venes tambi\u00e9n se dio en el \u00faltimo ciclo de su carrera, ya que en 2020 sus padres enfrentaron dificultades econ\u00f3micas. Seg\u00fan datos preliminares de la Direcci\u00f3n de Planificaci\u00f3n Educativa (Diplan) del Ministerio de Educaci\u00f3n, el n\u00famero de graduados promovidos se vio reducido, ya que se graduaron 151 mil 523 estudiantes, un 1.5 por ciento menos comparado con 2019 cuando se graduaron 153 mil 877. El sector privado fue el que registr\u00f3 una ca\u00edda, 3 mil 186 menos estudiantes promovidos comparado con 2019. Algunas carreras que reportaron menos promovidos son bachillerato en ciencias por madurez, bachillerato en computaci\u00f3n con orientaci\u00f3n secretarial, secretaria y oficinista, secretariado biling\u00fce y perito en recursos naturales no renovables. La presidenta de la Asociaci\u00f3n de Colegios Privados, <strong>Diana Brown<\/strong>, dijo que no han tenido reporte al respecto, pero por ser estudiantes que est\u00e1n en la recta final se asume que los padres har\u00e1n cualquier esfuerzo sobrehumano para que tengan el diploma o t\u00edtulo, para continuar en la fuerza laboral o estudios superiores. Considera que sin duda hubo un efecto de la pandemia y tambi\u00e9n de conectividad. (El Peri\u00f3dico 09.03.21)<\/p>\n","protected":false},"excerpt":{"rendered":"<p>La ejecutiva de la Comisi\u00f3n Econ\u00f3mica para Am\u00e9rica Latina y el Caribe (CEPAL), Alicia B\u00e1rcena, dijo que el impacto m\u00e1s fuerte de la pandemia es la p\u00e9rdida de empleo, y los m\u00e1s golpeados son&#46;&#46;&#46;<\/p>\n","protected":false},"author":1,"featured_media":0,"comment_status":"open","ping_status":"closed","sticky":false,"template":"","format":"standard","meta":{"footnotes":""},"categories":[49],"tags":[141,3311],"class_list":["post-46355","post","type-post","status-publish","format-standard","hentry","category-poblacion-empleos-y-salarios","tag-cepal","tag-diplan"],"_links":{"self":[{"href":"https:\/\/copades.com\/monec\/index.php?rest_route=\/wp\/v2\/posts\/46355","targetHints":{"allow":["GET"]}}],"collection":[{"href":"https:\/\/copades.com\/monec\/index.php?rest_route=\/wp\/v2\/posts"}],"about":[{"href":"https:\/\/copades.com\/monec\/index.php?rest_route=\/wp\/v2\/types\/post"}],"author":[{"embeddable":true,"href":"https:\/\/copades.com\/monec\/index.php?rest_route=\/wp\/v2\/users\/1"}],"replies":[{"embeddable":true,"href":"https:\/\/copades.com\/monec\/index.php?rest_route=%2Fwp%2Fv2%2Fcomments&post=46355"}],"version-history":[{"count":1,"href":"https:\/\/copades.com\/monec\/index.php?rest_route=\/wp\/v2\/posts\/46355\/revisions"}],"predecessor-version":[{"id":46356,"href":"https:\/\/copades.com\/monec\/index.php?rest_route=\/wp\/v2\/posts\/46355\/revisions\/46356"}],"wp:attachment":[{"href":"https:\/\/copades.com\/monec\/index.php?rest_route=%2Fwp%2Fv2%2Fmedia&parent=46355"}],"wp:term":[{"taxonomy":"category","embeddable":true,"href":"https:\/\/copades.com\/monec\/index.php?rest_route=%2Fwp%2Fv2%2Fcategories&post=46355"},{"taxonomy":"post_tag","embeddable":true,"href":"https:\/\/copades.com\/monec\/index.php?rest_route=%2Fwp%2Fv2%2Ftags&post=46355"}],"curies":[{"name":"wp","href":"https:\/\/api.w.org\/{rel}","templated":true}]}}