{"id":46359,"date":"2021-03-09T10:10:17","date_gmt":"2021-03-09T16:10:17","guid":{"rendered":"http:\/\/copades.com\/monec\/?p=46359"},"modified":"2021-03-12T10:13:02","modified_gmt":"2021-03-12T16:13:02","slug":"eeuu-yellen-descarta-que-estimulo-economico-cause-inflacion","status":"publish","type":"post","link":"https:\/\/copades.com\/monec\/?p=46359","title":{"rendered":"EEUU: Yellen descarta que est\u00edmulo econ\u00f3mico cause inflaci\u00f3n"},"content":{"rendered":"<p style=\"text-align: justify;\">La secretaria del Tesoro <strong>Janet Yellen<\/strong> rechaz\u00f3 temores de que el paquete de est\u00edmulo econ\u00f3mico reci\u00e9n aprobado por el Congreso estadounidense para aliviar los efectos del coronavirus vaya a causar inflaci\u00f3n.<\/p>\n<p style=\"text-align: justify;\">En una entrevista el lunes con la emisora MSNBC, Yellen afirm\u00f3 que el paquete de rescate, de 1,9 billones de d\u00f3lares y que llevar\u00e1 al env\u00edo de cheques a 1.400 d\u00f3lares a millones de estadounidenses, otorgar\u00e1 una urgida ayuda a la econom\u00eda y llevar\u00e1 a Estados Unidos al pleno empleo para el pr\u00f3ximo a\u00f1o. Cuando se le pregunt\u00f3 sobre las inquietudes de ciertos economistas de que la medida sobrecalentar\u00e1 la econom\u00eda y causar\u00e1 presiones inflacionarias, Yellen respondi\u00f3: \u00abRealmente no creo que ello vaya a suceder. Ten\u00edamos un desempleo del 3,5% antes de la pandemia y no hab\u00eda indicios de un aumento de la inflaci\u00f3n\u00bb.<\/p>\n<p style=\"text-align: justify;\">La tasa de desempleo en febrero del a\u00f1o pasado, antes que la pandemia hizo desaparecer 24 millones de empleos, estaba en 3,5%, un m\u00ednimo de 50 a\u00f1os con una inflaci\u00f3n mucho menor al 2% deseado por la Reserva Federal. Yellen se\u00f1al\u00f3 que ese entonces, en medio de un \u00ednfimo desempleo, la inflaci\u00f3n estaba \u00abdemasiado baja\u00bb. Incluso si la inflaci\u00f3n se convierte en un problema, aclar\u00f3, \u00abtenemos las herramientas para arreglar eso\u00bb. Los encargados de la econom\u00eda estar\u00e1n monitoreando la situaci\u00f3n de cerca y est\u00e1n dispuestos a actuar, advirti\u00f3. Se anticipa que la C\u00e1mara de Representantes dar\u00e1 su aprobaci\u00f3n final al paquete de est\u00edmulo esta semana, y la Casa Blanca ha indicado que el presidente <strong>Joe Biden<\/strong> lo firmar\u00e1 tan pronto lo reciba. De no ser aprobada la medida, los subsidios renovados por desempleo vencer\u00e1n el 14 de marzo. (Diario de Centro Am\u00e9rica 09.03.21)<\/p>\n","protected":false},"excerpt":{"rendered":"<p>La secretaria del Tesoro Janet Yellen rechaz\u00f3 temores de que el paquete de est\u00edmulo econ\u00f3mico reci\u00e9n aprobado por el Congreso estadounidense para aliviar los efectos del coronavirus vaya a causar inflaci\u00f3n. En una entrevista&#46;&#46;&#46;<\/p>\n","protected":false},"author":1,"featured_media":0,"comment_status":"open","ping_status":"closed","sticky":false,"template":"","format":"standard","meta":{"footnotes":""},"categories":[55],"tags":[110,236,7189],"class_list":["post-46359","post","type-post","status-publish","format-standard","hentry","category-internacionales-seleccion","tag-desempleo","tag-inflacion-2","tag-paquete-de-estimulo-economico"],"_links":{"self":[{"href":"https:\/\/copades.com\/monec\/index.php?rest_route=\/wp\/v2\/posts\/46359","targetHints":{"allow":["GET"]}}],"collection":[{"href":"https:\/\/copades.com\/monec\/index.php?rest_route=\/wp\/v2\/posts"}],"about":[{"href":"https:\/\/copades.com\/monec\/index.php?rest_route=\/wp\/v2\/types\/post"}],"author":[{"embeddable":true,"href":"https:\/\/copades.com\/monec\/index.php?rest_route=\/wp\/v2\/users\/1"}],"replies":[{"embeddable":true,"href":"https:\/\/copades.com\/monec\/index.php?rest_route=%2Fwp%2Fv2%2Fcomments&post=46359"}],"version-history":[{"count":1,"href":"https:\/\/copades.com\/monec\/index.php?rest_route=\/wp\/v2\/posts\/46359\/revisions"}],"predecessor-version":[{"id":46360,"href":"https:\/\/copades.com\/monec\/index.php?rest_route=\/wp\/v2\/posts\/46359\/revisions\/46360"}],"wp:attachment":[{"href":"https:\/\/copades.com\/monec\/index.php?rest_route=%2Fwp%2Fv2%2Fmedia&parent=46359"}],"wp:term":[{"taxonomy":"category","embeddable":true,"href":"https:\/\/copades.com\/monec\/index.php?rest_route=%2Fwp%2Fv2%2Fcategories&post=46359"},{"taxonomy":"post_tag","embeddable":true,"href":"https:\/\/copades.com\/monec\/index.php?rest_route=%2Fwp%2Fv2%2Ftags&post=46359"}],"curies":[{"name":"wp","href":"https:\/\/api.w.org\/{rel}","templated":true}]}}