{"id":46856,"date":"2021-04-21T10:56:58","date_gmt":"2021-04-21T16:56:58","guid":{"rendered":"http:\/\/copades.com\/monec\/?p=46856"},"modified":"2021-04-22T10:58:52","modified_gmt":"2021-04-22T16:58:52","slug":"mineco-explica-el-ritmo-alcista-de-la-economia-del-pais","status":"publish","type":"post","link":"https:\/\/copades.com\/monec\/?p=46856","title":{"rendered":"Mineco explica el ritmo alcista de la econom\u00eda del pa\u00eds"},"content":{"rendered":"<p style=\"text-align: justify;\">El rebote de la econom\u00eda guatemalteca y las medidas que conllevaron a su recuperaci\u00f3n en V fue expuesto por el ministro de Econom\u00eda, <strong>Antonio Malouf<\/strong>, durante su intervenci\u00f3n en el Di\u00e1logo sobre las perspectivas econ\u00f3micas de Iberoam\u00e9rica, efectuado en el marco de la vig\u00e9sima s\u00e9ptima Cumbre Iberoamericana, en Andorra. Malouf subray\u00f3 que las medidas de bioseguridad y el Plan Nacional para la Recuperaci\u00f3n Econ\u00f3mica, con apoyo del sector privado, condujeron a que el Producto Interno Bruto (PIB) del pa\u00eds, con -1.5%, fuera el menos golpeado por la pandemia en 2020, pues en la regi\u00f3n iberoamericana la econom\u00eda cerr\u00f3 en -7.7 %. Adem\u00e1s del coronavirus, en 2020 Guatemala tambi\u00e9n enfrent\u00f3 las tormentas Iota e Eta. Sin embargo, el \u00cdndice Mensual de la Actividad Econ\u00f3mica (IMAE) demuestra c\u00f3mo la recuperaci\u00f3n en V es completa, sostuvo el ministro. En junio de 2020, el IMAE lleg\u00f3 a su punto m\u00e1s bajo, -10.8%. No obstante, la econom\u00eda nacional despeg\u00f3 y no se ha detenido; a febrero de este a\u00f1o, este indicador se ubic\u00f3 en 3.5%. (Diario de Centro Am\u00e9rica 21.04.21)<\/p>\n","protected":false},"excerpt":{"rendered":"<p>El rebote de la econom\u00eda guatemalteca y las medidas que conllevaron a su recuperaci\u00f3n en V fue expuesto por el ministro de Econom\u00eda, Antonio Malouf, durante su intervenci\u00f3n en el Di\u00e1logo sobre las perspectivas&#46;&#46;&#46;<\/p>\n","protected":false},"author":1,"featured_media":0,"comment_status":"open","ping_status":"closed","sticky":false,"template":"","format":"standard","meta":{"footnotes":""},"categories":[9,5],"tags":[445,142],"class_list":["post-46856","post","type-post","status-publish","format-standard","hentry","category-actividad-productiva-actividad-productiva","category-actividad-productiva","tag-imae","tag-pib"],"_links":{"self":[{"href":"https:\/\/copades.com\/monec\/index.php?rest_route=\/wp\/v2\/posts\/46856","targetHints":{"allow":["GET"]}}],"collection":[{"href":"https:\/\/copades.com\/monec\/index.php?rest_route=\/wp\/v2\/posts"}],"about":[{"href":"https:\/\/copades.com\/monec\/index.php?rest_route=\/wp\/v2\/types\/post"}],"author":[{"embeddable":true,"href":"https:\/\/copades.com\/monec\/index.php?rest_route=\/wp\/v2\/users\/1"}],"replies":[{"embeddable":true,"href":"https:\/\/copades.com\/monec\/index.php?rest_route=%2Fwp%2Fv2%2Fcomments&post=46856"}],"version-history":[{"count":1,"href":"https:\/\/copades.com\/monec\/index.php?rest_route=\/wp\/v2\/posts\/46856\/revisions"}],"predecessor-version":[{"id":46857,"href":"https:\/\/copades.com\/monec\/index.php?rest_route=\/wp\/v2\/posts\/46856\/revisions\/46857"}],"wp:attachment":[{"href":"https:\/\/copades.com\/monec\/index.php?rest_route=%2Fwp%2Fv2%2Fmedia&parent=46856"}],"wp:term":[{"taxonomy":"category","embeddable":true,"href":"https:\/\/copades.com\/monec\/index.php?rest_route=%2Fwp%2Fv2%2Fcategories&post=46856"},{"taxonomy":"post_tag","embeddable":true,"href":"https:\/\/copades.com\/monec\/index.php?rest_route=%2Fwp%2Fv2%2Ftags&post=46856"}],"curies":[{"name":"wp","href":"https:\/\/api.w.org\/{rel}","templated":true}]}}