{"id":4687,"date":"2012-11-24T16:08:57","date_gmt":"2012-11-24T16:08:57","guid":{"rendered":"http:\/\/copades.com\/monec\/?p=4687"},"modified":"2012-11-26T16:09:32","modified_gmt":"2012-11-26T16:09:32","slug":"salario-entra-a-fase-final","status":"publish","type":"post","link":"https:\/\/copades.com\/monec\/?p=4687","title":{"rendered":"Salario entra a fase final"},"content":{"rendered":"<p style=\"text-align: justify;\">Los integrantes de la Comisi\u00f3n Nacional del Salario (CNS) entraron en la fase final de la discusi\u00f3n de la paga m\u00ednima, que cobrar\u00e1 vigencia el 1 de enero del 2013, y en un plazo de dos semanas deber\u00e1n hacer las propuestas. \u00a0<strong>Carlos Ulb\u00e1n,<\/strong> viceministro de Trabajo, inform\u00f3 que el 23 de noviembre, acordaron con el sector empleador y trabajador la presentaci\u00f3n de las iniciativas para el 5 de diciembre y para el 7, la votaci\u00f3n. \u00a0\u201cEsperamos el consenso entre las partes para que la CNS establezca el salario. Los sectores tendr\u00e1n este tiempo para hacer las consultas a sus bases\u201d, expuso. <strong>Alejandro Ceballos<\/strong>, representante por el sector empleador, indic\u00f3 que entregar\u00e1n una propuesta, la cual discutir\u00e1n la pr\u00f3xima semana con las c\u00e1maras y gremios empresariales. \u00a0\u201cHab\u00edamos consensuado un porcentaje, pero hay indicadores econ\u00f3micos que tienen un desempe\u00f1o estancado y por eso vamos a discutir una nueva propuesta\u201d, afirm\u00f3. (Prensa Libre 24.11.12)<\/p>\n","protected":false},"excerpt":{"rendered":"<p>Los integrantes de la Comisi\u00f3n Nacional del Salario (CNS) entraron en la fase final de la discusi\u00f3n de la paga m\u00ednima, que cobrar\u00e1 vigencia el 1 de enero del 2013, y en un plazo&#46;&#46;&#46;<\/p>\n","protected":false},"author":1,"featured_media":0,"comment_status":"open","ping_status":"closed","sticky":false,"template":"","format":"standard","meta":{"footnotes":""},"categories":[49],"tags":[137],"class_list":["post-4687","post","type-post","status-publish","format-standard","hentry","category-poblacion-empleos-y-salarios","tag-cns"],"_links":{"self":[{"href":"https:\/\/copades.com\/monec\/index.php?rest_route=\/wp\/v2\/posts\/4687","targetHints":{"allow":["GET"]}}],"collection":[{"href":"https:\/\/copades.com\/monec\/index.php?rest_route=\/wp\/v2\/posts"}],"about":[{"href":"https:\/\/copades.com\/monec\/index.php?rest_route=\/wp\/v2\/types\/post"}],"author":[{"embeddable":true,"href":"https:\/\/copades.com\/monec\/index.php?rest_route=\/wp\/v2\/users\/1"}],"replies":[{"embeddable":true,"href":"https:\/\/copades.com\/monec\/index.php?rest_route=%2Fwp%2Fv2%2Fcomments&post=4687"}],"version-history":[{"count":1,"href":"https:\/\/copades.com\/monec\/index.php?rest_route=\/wp\/v2\/posts\/4687\/revisions"}],"predecessor-version":[{"id":4688,"href":"https:\/\/copades.com\/monec\/index.php?rest_route=\/wp\/v2\/posts\/4687\/revisions\/4688"}],"wp:attachment":[{"href":"https:\/\/copades.com\/monec\/index.php?rest_route=%2Fwp%2Fv2%2Fmedia&parent=4687"}],"wp:term":[{"taxonomy":"category","embeddable":true,"href":"https:\/\/copades.com\/monec\/index.php?rest_route=%2Fwp%2Fv2%2Fcategories&post=4687"},{"taxonomy":"post_tag","embeddable":true,"href":"https:\/\/copades.com\/monec\/index.php?rest_route=%2Fwp%2Fv2%2Ftags&post=4687"}],"curies":[{"name":"wp","href":"https:\/\/api.w.org\/{rel}","templated":true}]}}