{"id":46920,"date":"2021-04-23T08:41:01","date_gmt":"2021-04-23T14:41:01","guid":{"rendered":"http:\/\/copades.com\/monec\/?p=46920"},"modified":"2021-04-28T08:44:17","modified_gmt":"2021-04-28T14:44:17","slug":"economia-crecera-hasta-cinco-por-ciento-este-ano","status":"publish","type":"post","link":"https:\/\/copades.com\/monec\/?p=46920","title":{"rendered":"Econom\u00eda crecer\u00e1 hasta cinco por ciento este a\u00f1o"},"content":{"rendered":"<p style=\"text-align: justify;\">Esta semana la Junta Monetaria (JM) revis\u00f3 al alza las estimaciones para la econom\u00eda, luego de anticipar que se dar\u00eda un repunte en el crecimiento, despu\u00e9s de la ca\u00edda de 1.5 por ciento en 2020 por el impacto de la pandemia. El rango de crecimiento del Producto Interno Bruto (PIB) se proyect\u00f3 entre tres y cinco por ciento para este a\u00f1o, desde una estimaci\u00f3n inicial de 2.5 a 4.5 por ciento, seg\u00fan inform\u00f3 ayer Sergio Recinos, presidente de la JM en una citaci\u00f3n con la Comisi\u00f3n de Econom\u00eda y Comercio Exterior del Congreso. <strong>Rodolfo Neutze<\/strong>, presidente de la Comisi\u00f3n de Econom\u00eda del Congreso, explic\u00f3 que se busca que este a\u00f1o sea de reactivaci\u00f3n econ\u00f3mica y que incluso se alcance el crecimiento m\u00e1s alto de la proyecci\u00f3n. Desde el Legislativo se propone impulsar la aprobaci\u00f3n de las reformas a las leyes de Zonas Francas y de Bancos y Grupos Financieros, as\u00ed como legislaci\u00f3n para impulsar el turismo y la eliminaci\u00f3n del Impuesto de Solidaridad (ISO) para potencializar las oportunidades, coment\u00f3 Neutze. Para considerar la recuperaci\u00f3n de la econom\u00eda del pa\u00eds hay que tomar en cuenta que la pandemia a\u00fan no est\u00e1 contenida, no ha iniciado el programa de vacunaci\u00f3n masivo y la incertidumbre que afecta las decisiones de inversi\u00f3n, coment\u00f3 <strong>Maynor Cabrera<\/strong>, consultor de la Fundaci\u00f3n Econom\u00eda para el Desarrollo (Fedes).\u00a0 (El Peri\u00f3dico\/Prensa Libre 23.04.21)<\/p>\n","protected":false},"excerpt":{"rendered":"<p>Esta semana la Junta Monetaria (JM) revis\u00f3 al alza las estimaciones para la econom\u00eda, luego de anticipar que se dar\u00eda un repunte en el crecimiento, despu\u00e9s de la ca\u00edda de 1.5 por ciento en&#46;&#46;&#46;<\/p>\n","protected":false},"author":1,"featured_media":0,"comment_status":"open","ping_status":"closed","sticky":false,"template":"","format":"standard","meta":{"footnotes":""},"categories":[9,5],"tags":[637,101,142],"class_list":["post-46920","post","type-post","status-publish","format-standard","hentry","category-actividad-productiva-actividad-productiva","category-actividad-productiva","tag-iso","tag-jm","tag-pib"],"_links":{"self":[{"href":"https:\/\/copades.com\/monec\/index.php?rest_route=\/wp\/v2\/posts\/46920","targetHints":{"allow":["GET"]}}],"collection":[{"href":"https:\/\/copades.com\/monec\/index.php?rest_route=\/wp\/v2\/posts"}],"about":[{"href":"https:\/\/copades.com\/monec\/index.php?rest_route=\/wp\/v2\/types\/post"}],"author":[{"embeddable":true,"href":"https:\/\/copades.com\/monec\/index.php?rest_route=\/wp\/v2\/users\/1"}],"replies":[{"embeddable":true,"href":"https:\/\/copades.com\/monec\/index.php?rest_route=%2Fwp%2Fv2%2Fcomments&post=46920"}],"version-history":[{"count":1,"href":"https:\/\/copades.com\/monec\/index.php?rest_route=\/wp\/v2\/posts\/46920\/revisions"}],"predecessor-version":[{"id":46921,"href":"https:\/\/copades.com\/monec\/index.php?rest_route=\/wp\/v2\/posts\/46920\/revisions\/46921"}],"wp:attachment":[{"href":"https:\/\/copades.com\/monec\/index.php?rest_route=%2Fwp%2Fv2%2Fmedia&parent=46920"}],"wp:term":[{"taxonomy":"category","embeddable":true,"href":"https:\/\/copades.com\/monec\/index.php?rest_route=%2Fwp%2Fv2%2Fcategories&post=46920"},{"taxonomy":"post_tag","embeddable":true,"href":"https:\/\/copades.com\/monec\/index.php?rest_route=%2Fwp%2Fv2%2Ftags&post=46920"}],"curies":[{"name":"wp","href":"https:\/\/api.w.org\/{rel}","templated":true}]}}