{"id":46972,"date":"2021-04-28T15:44:36","date_gmt":"2021-04-28T21:44:36","guid":{"rendered":"http:\/\/copades.com\/monec\/?p=46972"},"modified":"2021-04-28T15:44:36","modified_gmt":"2021-04-28T21:44:36","slug":"promueven-las-zdeep-como-polos-de-desarrollo","status":"publish","type":"post","link":"https:\/\/copades.com\/monec\/?p=46972","title":{"rendered":"Promueven las ZDEEP como polos de desarrollo"},"content":{"rendered":"<p style=\"text-align: justify;\">Autoridades de la Zona Libre de Industria y Comercio \u201cSanto Tom\u00e1s de Castilla\u201d (Zolic) y de la Asociaci\u00f3n Nacional de Municipalidades (Anam) suscribieron un convenio de cooperaci\u00f3n interinstitucional que tiene como objetivo promover la generaci\u00f3n de empleo y el desarrollo y reactivaci\u00f3n econ\u00f3mica, mediante las Zonas de Desarrollo Econ\u00f3mico Especial P\u00fablico (ZDEEP). \u201cSe har\u00e1 llegar (a la Anam) informaci\u00f3n sobre las ZDEEP las cuales buscamos expandir a todo el pa\u00eds y en los municipios que as\u00ed lo deseen, para promover la generaci\u00f3n de empleo y la reactivaci\u00f3n de la econom\u00eda en las localidades interesadas y donde se requiera una zona de desarrollo\u201d, dijo <strong>Byron Gait\u00e1n<\/strong>, gerente general de Zolic. Seg\u00fan Gait\u00e1n, la mayor\u00eda de municipalidades cuentan con \u00e1reas o terrenos disponibles para generar zonas de desarrollo, desde donde se pueden atraer importantes inversiones y generar plazas de trabajo y polos de progreso. \u201cHay muchos alcaldes a quienes les interesa generar desarrollo econ\u00f3mico en sus municipios y qu\u00e9 mejor que tomar este modelo, por medio de la industria, el comercio y los servicios, para convertirse en polos de desarrollo, generando empleos para sus municipios y, por ende, impulsar la reactivaci\u00f3n econ\u00f3mica\u201d, sostuvo Gait\u00e1n. (Diario de Centro Am\u00e9rica 28.04.21)<\/p>\n","protected":false},"excerpt":{"rendered":"<p>Autoridades de la Zona Libre de Industria y Comercio \u201cSanto Tom\u00e1s de Castilla\u201d (Zolic) y de la Asociaci\u00f3n Nacional de Municipalidades (Anam) suscribieron un convenio de cooperaci\u00f3n interinstitucional que tiene como objetivo promover la&#46;&#46;&#46;<\/p>\n","protected":false},"author":1,"featured_media":0,"comment_status":"open","ping_status":"closed","sticky":false,"template":"","format":"standard","meta":{"footnotes":""},"categories":[49],"tags":[627,6655,6078],"class_list":["post-46972","post","type-post","status-publish","format-standard","hentry","category-poblacion-empleos-y-salarios","tag-anam","tag-zdeep","tag-zolic"],"_links":{"self":[{"href":"https:\/\/copades.com\/monec\/index.php?rest_route=\/wp\/v2\/posts\/46972","targetHints":{"allow":["GET"]}}],"collection":[{"href":"https:\/\/copades.com\/monec\/index.php?rest_route=\/wp\/v2\/posts"}],"about":[{"href":"https:\/\/copades.com\/monec\/index.php?rest_route=\/wp\/v2\/types\/post"}],"author":[{"embeddable":true,"href":"https:\/\/copades.com\/monec\/index.php?rest_route=\/wp\/v2\/users\/1"}],"replies":[{"embeddable":true,"href":"https:\/\/copades.com\/monec\/index.php?rest_route=%2Fwp%2Fv2%2Fcomments&post=46972"}],"version-history":[{"count":1,"href":"https:\/\/copades.com\/monec\/index.php?rest_route=\/wp\/v2\/posts\/46972\/revisions"}],"predecessor-version":[{"id":46973,"href":"https:\/\/copades.com\/monec\/index.php?rest_route=\/wp\/v2\/posts\/46972\/revisions\/46973"}],"wp:attachment":[{"href":"https:\/\/copades.com\/monec\/index.php?rest_route=%2Fwp%2Fv2%2Fmedia&parent=46972"}],"wp:term":[{"taxonomy":"category","embeddable":true,"href":"https:\/\/copades.com\/monec\/index.php?rest_route=%2Fwp%2Fv2%2Fcategories&post=46972"},{"taxonomy":"post_tag","embeddable":true,"href":"https:\/\/copades.com\/monec\/index.php?rest_route=%2Fwp%2Fv2%2Ftags&post=46972"}],"curies":[{"name":"wp","href":"https:\/\/api.w.org\/{rel}","templated":true}]}}