{"id":46974,"date":"2021-04-28T15:46:56","date_gmt":"2021-04-28T21:46:56","guid":{"rendered":"http:\/\/copades.com\/monec\/?p=46974"},"modified":"2021-04-28T15:46:56","modified_gmt":"2021-04-28T21:46:56","slug":"comercio-maritimo-se-mantiene-estable","status":"publish","type":"post","link":"https:\/\/copades.com\/monec\/?p=46974","title":{"rendered":"Comercio mar\u00edtimo se mantiene estable"},"content":{"rendered":"<p style=\"text-align: justify;\">El movimiento de carga en 2020, que estuvo marcado por la pandemia del Covid-19, mantuvo \u201ccierta estabilidad\u201d y su actividad decay\u00f3 menos que en la regi\u00f3n y en otras partes del mundo, afirm\u00f3 ayer <strong>Erick S\u00e1nchez<\/strong>, director de la Comisi\u00f3n Portuaria Nacional (CPN), durante una conferencia de prensa en el Patio de la Paz del Palacio Nacional de la Cultura. \u201cEn t\u00e9rminos generales, la variaci\u00f3n negativa fue del 3%. Pero, seg\u00fan los estudios que han mostrado algunas entidades mundiales, el decrecimiento en otras regiones fue de hasta el 8% y m\u00e1s\u201d, explic\u00f3 el funcionario. Tambi\u00e9n dijo que el movimiento de carga en el pa\u00eds mantuvo \u201ccierta estabilidad\u201d y que \u201cno nos fuimos hasta abajo, como en otras regiones del mundo\u201d, porque hubo un incremento en determinadas cargas como, por ejemplo, \u201cla carga contenerizada que tuvo un incremento positivo, y esto nos permiti\u00f3 mantenernos con estos resultados\u201d. S\u00e1nchez explic\u00f3 que las depresiones tropicales Eta e Iota, que se registraron a finales de 2020, causaron preocupaci\u00f3n por la posible afectaci\u00f3n a la econom\u00eda del pa\u00eds. \u201cCon las reuniones que se hacen en la Comisi\u00f3n, se pudo observar que gracias a las previsiones que se hacen en el sector p\u00fablico como en el sector privado, el comercio no se detuvo\u201d, se\u00f1al\u00f3. S\u00e1nchez asegur\u00f3 que ma\u00f1ana se dar\u00e1 a conocer el informe estad\u00edstico del movimiento de carga durante el a\u00f1o pasado, cuando el comercio mar\u00edtimo no ces\u00f3. (Diario de Centro Am\u00e9rica 28.04.21)<\/p>\n","protected":false},"excerpt":{"rendered":"<p>El movimiento de carga en 2020, que estuvo marcado por la pandemia del Covid-19, mantuvo \u201ccierta estabilidad\u201d y su actividad decay\u00f3 menos que en la regi\u00f3n y en otras partes del mundo, afirm\u00f3 ayer&#46;&#46;&#46;<\/p>\n","protected":false},"author":1,"featured_media":0,"comment_status":"open","ping_status":"closed","sticky":false,"template":"","format":"standard","meta":{"footnotes":""},"categories":[5,22],"tags":[1387],"class_list":["post-46974","post","type-post","status-publish","format-standard","hentry","category-actividad-productiva","category-transporte-y-almacenamiento","tag-cpn"],"_links":{"self":[{"href":"https:\/\/copades.com\/monec\/index.php?rest_route=\/wp\/v2\/posts\/46974","targetHints":{"allow":["GET"]}}],"collection":[{"href":"https:\/\/copades.com\/monec\/index.php?rest_route=\/wp\/v2\/posts"}],"about":[{"href":"https:\/\/copades.com\/monec\/index.php?rest_route=\/wp\/v2\/types\/post"}],"author":[{"embeddable":true,"href":"https:\/\/copades.com\/monec\/index.php?rest_route=\/wp\/v2\/users\/1"}],"replies":[{"embeddable":true,"href":"https:\/\/copades.com\/monec\/index.php?rest_route=%2Fwp%2Fv2%2Fcomments&post=46974"}],"version-history":[{"count":1,"href":"https:\/\/copades.com\/monec\/index.php?rest_route=\/wp\/v2\/posts\/46974\/revisions"}],"predecessor-version":[{"id":46975,"href":"https:\/\/copades.com\/monec\/index.php?rest_route=\/wp\/v2\/posts\/46974\/revisions\/46975"}],"wp:attachment":[{"href":"https:\/\/copades.com\/monec\/index.php?rest_route=%2Fwp%2Fv2%2Fmedia&parent=46974"}],"wp:term":[{"taxonomy":"category","embeddable":true,"href":"https:\/\/copades.com\/monec\/index.php?rest_route=%2Fwp%2Fv2%2Fcategories&post=46974"},{"taxonomy":"post_tag","embeddable":true,"href":"https:\/\/copades.com\/monec\/index.php?rest_route=%2Fwp%2Fv2%2Ftags&post=46974"}],"curies":[{"name":"wp","href":"https:\/\/api.w.org\/{rel}","templated":true}]}}