{"id":47087,"date":"2021-05-06T12:17:03","date_gmt":"2021-05-06T18:17:03","guid":{"rendered":"http:\/\/copades.com\/monec\/?p=47087"},"modified":"2021-05-06T12:17:03","modified_gmt":"2021-05-06T18:17:03","slug":"seguros-han-cubierto-mas-de-10-mil-polizas-por-la-pandemia","status":"publish","type":"post","link":"https:\/\/copades.com\/monec\/?p=47087","title":{"rendered":"Seguros han cubierto m\u00e1s de 10 mil p\u00f3lizas por la pandemia"},"content":{"rendered":"<p style=\"text-align: justify;\">La curva de reclamos por gastos m\u00e9dicos y de vida por casos de COVID-19 se acentu\u00f3 en los meses de julio y diciembre del a\u00f1o pasado y en marzo de 2021, seg\u00fan el reporte de la Asociaci\u00f3n Guatemalteca de Instituciones de Seguros (AGIS) que presenta cifras desde el inicio de los contagios en el pa\u00eds. Desde marzo del a\u00f1o pasado se han atendido 5 mil 864 casos por gastos m\u00e9dicos y 4 mil 17 en seguros de vida, adem\u00e1s de 481 casos de reclamos de asegurados por desempleo como consecuencia del impacto de la pandemia. <strong>Christian N\u00f6lck<\/strong>, presidente de la AGIS, explic\u00f3 que hasta abril pasado la suma por las coberturas atendidas es de Q356.6 millones por 10 mil 304 casos por reclamos de personas afectadas por el virus. Pero adem\u00e1s las aseguradoras han observado un aumento en los casos de enfermedades respiratorias no asociados a COVID-19. N\u00f6lck indic\u00f3 que al inicio de la pandemia estos reclamos de gastos m\u00e9dicos hab\u00edan disminuido, pero recientemente se observa una situaci\u00f3n preocupante porque hay muchas personas con quebrantos de salud con mayor frecuencia y severidad. Las p\u00f3lizas atendidas por las instituciones de seguros representan el 4.3 por ciento del total de casos que se han presentado en el pa\u00eds, de acuerdo con las cifras del Ministerio de Salud P\u00fablica. En el caso de los gastos m\u00e9dicos, N\u00f6lck indic\u00f3 que para las personas que se trataron de forma ambulatoria el pago promedio cubierto por asegurado fue de Q5 mil 221, mientras que 1,539 que llegaron a hospitalizaci\u00f3n el promedio fue de Q69 mil 613. En el ramo de vida el promedio pagado en seguros colectivos fue de Q44 mil 697 y en los planes individuales de Q304 mil. (El Peri\u00f3dico\/Prensa Libre\/Diario de Centro Am\u00e9rica\/La Hora 06.05.21)<\/p>\n<p>&nbsp;<\/p>\n","protected":false},"excerpt":{"rendered":"<p>La curva de reclamos por gastos m\u00e9dicos y de vida por casos de COVID-19 se acentu\u00f3 en los meses de julio y diciembre del a\u00f1o pasado y en marzo de 2021, seg\u00fan el reporte&#46;&#46;&#46;<\/p>\n","protected":false},"author":1,"featured_media":0,"comment_status":"open","ping_status":"closed","sticky":false,"template":"","format":"standard","meta":{"footnotes":""},"categories":[3],"tags":[226,6902],"class_list":["post-47087","post","type-post","status-publish","format-standard","hentry","category-actividad-financiera","tag-agis","tag-covid-19"],"_links":{"self":[{"href":"https:\/\/copades.com\/monec\/index.php?rest_route=\/wp\/v2\/posts\/47087","targetHints":{"allow":["GET"]}}],"collection":[{"href":"https:\/\/copades.com\/monec\/index.php?rest_route=\/wp\/v2\/posts"}],"about":[{"href":"https:\/\/copades.com\/monec\/index.php?rest_route=\/wp\/v2\/types\/post"}],"author":[{"embeddable":true,"href":"https:\/\/copades.com\/monec\/index.php?rest_route=\/wp\/v2\/users\/1"}],"replies":[{"embeddable":true,"href":"https:\/\/copades.com\/monec\/index.php?rest_route=%2Fwp%2Fv2%2Fcomments&post=47087"}],"version-history":[{"count":1,"href":"https:\/\/copades.com\/monec\/index.php?rest_route=\/wp\/v2\/posts\/47087\/revisions"}],"predecessor-version":[{"id":47088,"href":"https:\/\/copades.com\/monec\/index.php?rest_route=\/wp\/v2\/posts\/47087\/revisions\/47088"}],"wp:attachment":[{"href":"https:\/\/copades.com\/monec\/index.php?rest_route=%2Fwp%2Fv2%2Fmedia&parent=47087"}],"wp:term":[{"taxonomy":"category","embeddable":true,"href":"https:\/\/copades.com\/monec\/index.php?rest_route=%2Fwp%2Fv2%2Fcategories&post=47087"},{"taxonomy":"post_tag","embeddable":true,"href":"https:\/\/copades.com\/monec\/index.php?rest_route=%2Fwp%2Fv2%2Ftags&post=47087"}],"curies":[{"name":"wp","href":"https:\/\/api.w.org\/{rel}","templated":true}]}}