{"id":47263,"date":"2021-05-17T16:03:49","date_gmt":"2021-05-17T22:03:49","guid":{"rendered":"http:\/\/copades.com\/monec\/?p=47263"},"modified":"2021-05-17T16:03:49","modified_gmt":"2021-05-17T22:03:49","slug":"se-duplican-costos-por-ruta-al-atlantico","status":"publish","type":"post","link":"https:\/\/copades.com\/monec\/?p=47263","title":{"rendered":"Se duplican costos por ruta al Atl\u00e1ntico"},"content":{"rendered":"<p style=\"text-align: justify;\">Muchos accidentes en la ruta al Atl\u00e1ntico y la expansi\u00f3n del comercio, que ocupa parte de la carretera, duplican la duraci\u00f3n del traslado a la Empresa Portuaria Nacional Santo Tom\u00e1s de Castilla y Puerto Barrios, Izabal, tanto de carga pesada como de pasajeros, lo que representa mayores costos, as\u00ed como desgaste f\u00edsico para los pilotos. La C\u00e1mara de Transportistas Centroamericanos (Catransca) inform\u00f3 que en la actualidad dura hasta 14 horas el trayecto a esa ciudad portuaria, lo que conlleva costos adicionales para la cadena log\u00edstica. As\u00ed tambi\u00e9n, los representantes de la C\u00e1mara de Comercio de Guatemala filial Puerto Barrios indicaron que este a\u00f1o muchos accidentes viales y hechos de violencia en la carretera han interrumpido el paso al Atl\u00e1ntico por m\u00e1s de 15 horas. La Asociaci\u00f3n Guatemalteca de Instituciones de Seguros (Agis) inform\u00f3 que todo accidente que ocasiona personas fallecidas o heridas, as\u00ed como los hechos criminales, requieren un procedimiento legal que obliga a las autoridades a cerrar el paso. <strong>H\u00e9ctor Fajardo<\/strong>, directivo de Catransca, se\u00f1al\u00f3 que las empresas han duplicado los tiempos normales en tr\u00e1nsito \u2014que eran ocho horas\u2014 a 12 o 14 horas, lo que mueve toda la cadena log\u00edstica desde el centro de producci\u00f3n, tr\u00e1nsito al embarque, cuando se trata de una exportaci\u00f3n, o desde el puerto al lugar de destino, si es una importaci\u00f3n. La medici\u00f3n promedio de viaje terrestre se increment\u00f3 en 60%, desde el punto de salida. Los tramos m\u00e1s afectados, por constituir centros urbanos, son, seg\u00fan Catransca, El Rancho, Teculut\u00e1n, R\u00edo Hondo y Los Amates. (Prensa Libre 17.05.21)<\/p>\n","protected":false},"excerpt":{"rendered":"<p>Muchos accidentes en la ruta al Atl\u00e1ntico y la expansi\u00f3n del comercio, que ocupa parte de la carretera, duplican la duraci\u00f3n del traslado a la Empresa Portuaria Nacional Santo Tom\u00e1s de Castilla y Puerto&#46;&#46;&#46;<\/p>\n","protected":false},"author":1,"featured_media":0,"comment_status":"open","ping_status":"closed","sticky":false,"template":"","format":"standard","meta":{"footnotes":""},"categories":[5,22],"tags":[226,7275],"class_list":["post-47263","post","type-post","status-publish","format-standard","hentry","category-actividad-productiva","category-transporte-y-almacenamiento","tag-agis","tag-catranaca"],"_links":{"self":[{"href":"https:\/\/copades.com\/monec\/index.php?rest_route=\/wp\/v2\/posts\/47263","targetHints":{"allow":["GET"]}}],"collection":[{"href":"https:\/\/copades.com\/monec\/index.php?rest_route=\/wp\/v2\/posts"}],"about":[{"href":"https:\/\/copades.com\/monec\/index.php?rest_route=\/wp\/v2\/types\/post"}],"author":[{"embeddable":true,"href":"https:\/\/copades.com\/monec\/index.php?rest_route=\/wp\/v2\/users\/1"}],"replies":[{"embeddable":true,"href":"https:\/\/copades.com\/monec\/index.php?rest_route=%2Fwp%2Fv2%2Fcomments&post=47263"}],"version-history":[{"count":1,"href":"https:\/\/copades.com\/monec\/index.php?rest_route=\/wp\/v2\/posts\/47263\/revisions"}],"predecessor-version":[{"id":47264,"href":"https:\/\/copades.com\/monec\/index.php?rest_route=\/wp\/v2\/posts\/47263\/revisions\/47264"}],"wp:attachment":[{"href":"https:\/\/copades.com\/monec\/index.php?rest_route=%2Fwp%2Fv2%2Fmedia&parent=47263"}],"wp:term":[{"taxonomy":"category","embeddable":true,"href":"https:\/\/copades.com\/monec\/index.php?rest_route=%2Fwp%2Fv2%2Fcategories&post=47263"},{"taxonomy":"post_tag","embeddable":true,"href":"https:\/\/copades.com\/monec\/index.php?rest_route=%2Fwp%2Fv2%2Ftags&post=47263"}],"curies":[{"name":"wp","href":"https:\/\/api.w.org\/{rel}","templated":true}]}}