{"id":47283,"date":"2021-05-18T10:40:04","date_gmt":"2021-05-18T16:40:04","guid":{"rendered":"http:\/\/copades.com\/monec\/?p=47283"},"modified":"2021-05-18T10:40:04","modified_gmt":"2021-05-18T16:40:04","slug":"mexico-y-estados-unidos-en-disputa-tlc","status":"publish","type":"post","link":"https:\/\/copades.com\/monec\/?p=47283","title":{"rendered":"M\u00e9xico y Estados Unidos en disputa TLC"},"content":{"rendered":"<p style=\"text-align: justify;\">El T-MEC, el tratado de libre comercio entre M\u00e9xico, Estados Unidos y Canad\u00e1, que reemplaz\u00f3 al TLCAN y que entr\u00f3 en vigor el primero de julio de 2020, afronta su primera diferencia en materia laboral. Estados Unidos pidi\u00f3 revisar un presunto caso de negaci\u00f3n de derechos a trabajadores de una empresa automotriz mientras que M\u00e9xico denunci\u00f3 una falla en la aplicaci\u00f3n de las leyes laborales en la industria agr\u00edcola estadounidense. Esta ser\u00eda la primera vez que Estados Unidos, bajo el mando de <strong>Joe Biden<\/strong>, inicia una disputa laboral en el marco del acuerdo que, adem\u00e1s de M\u00e9xico, incluye a Canad\u00e1 y reemplaz\u00f3 el Tratado de Libre Comercio de Am\u00e9rica del Norte que estuvo en vigencia entre 1994 hasta 2020, luego de que Donald Trump pidiera renegociarlo. <strong>Katherine Tai<\/strong>, representante comercial de Estados Unidos, inform\u00f3 el 12 de mayo que utilizaba el Mecanismo Laboral de Respuesta R\u00e1pida (MLRR) \u2013un procedimiento de resoluci\u00f3n de controversias en instalaciones espec\u00edficas\u2013para dirimir una posible diferencia relacionada con la presunta violaci\u00f3n de derechos de los trabajadores automotrices en una planta ubicada en la localidad de Guanajuato, M\u00e9xico. En un comunicado, Tai pidi\u00f3 a M\u00e9xico revisar si a los trabajadores se les niega el derecho a libre asociaci\u00f3n y negociaci\u00f3n colectiva. \u201cOrgullosa de utilizar el Mecanismo Laboral de Respuesta R\u00e1pida por primera vez para revisar los derechos de libre asociaci\u00f3n y negociaci\u00f3n de los trabajadores en una f\u00e1brica en Silao, M\u00e9xico. Felicito al Gobierno mexicano por intervenir para suspender la votaci\u00f3n cuando se dio cuenta de irregularidades en la votaci\u00f3n\u201d, indic\u00f3 Tai. (El Peri\u00f3dico 18.05.21)<\/p>\n","protected":false},"excerpt":{"rendered":"<p>El T-MEC, el tratado de libre comercio entre M\u00e9xico, Estados Unidos y Canad\u00e1, que reemplaz\u00f3 al TLCAN y que entr\u00f3 en vigor el primero de julio de 2020, afronta su primera diferencia en materia&#46;&#46;&#46;<\/p>\n","protected":false},"author":1,"featured_media":0,"comment_status":"open","ping_status":"closed","sticky":false,"template":"","format":"standard","meta":{"footnotes":""},"categories":[55],"tags":[7277,6595,63],"class_list":["post-47283","post","type-post","status-publish","format-standard","hentry","category-internacionales-seleccion","tag-mlrr","tag-t-mec","tag-tlc"],"_links":{"self":[{"href":"https:\/\/copades.com\/monec\/index.php?rest_route=\/wp\/v2\/posts\/47283","targetHints":{"allow":["GET"]}}],"collection":[{"href":"https:\/\/copades.com\/monec\/index.php?rest_route=\/wp\/v2\/posts"}],"about":[{"href":"https:\/\/copades.com\/monec\/index.php?rest_route=\/wp\/v2\/types\/post"}],"author":[{"embeddable":true,"href":"https:\/\/copades.com\/monec\/index.php?rest_route=\/wp\/v2\/users\/1"}],"replies":[{"embeddable":true,"href":"https:\/\/copades.com\/monec\/index.php?rest_route=%2Fwp%2Fv2%2Fcomments&post=47283"}],"version-history":[{"count":1,"href":"https:\/\/copades.com\/monec\/index.php?rest_route=\/wp\/v2\/posts\/47283\/revisions"}],"predecessor-version":[{"id":47284,"href":"https:\/\/copades.com\/monec\/index.php?rest_route=\/wp\/v2\/posts\/47283\/revisions\/47284"}],"wp:attachment":[{"href":"https:\/\/copades.com\/monec\/index.php?rest_route=%2Fwp%2Fv2%2Fmedia&parent=47283"}],"wp:term":[{"taxonomy":"category","embeddable":true,"href":"https:\/\/copades.com\/monec\/index.php?rest_route=%2Fwp%2Fv2%2Fcategories&post=47283"},{"taxonomy":"post_tag","embeddable":true,"href":"https:\/\/copades.com\/monec\/index.php?rest_route=%2Fwp%2Fv2%2Ftags&post=47283"}],"curies":[{"name":"wp","href":"https:\/\/api.w.org\/{rel}","templated":true}]}}