{"id":47416,"date":"2021-05-26T11:45:41","date_gmt":"2021-05-26T17:45:41","guid":{"rendered":"http:\/\/copades.com\/monec\/?p=47416"},"modified":"2021-05-26T11:45:41","modified_gmt":"2021-05-26T17:45:41","slug":"rezagada-vacunacion-en-guatemala-es-un-riesgo-economico","status":"publish","type":"post","link":"https:\/\/copades.com\/monec\/?p=47416","title":{"rendered":"Rezagada vacunaci\u00f3n en Guatemala es un riesgo econ\u00f3mico"},"content":{"rendered":"<p style=\"text-align: justify;\">Para Fitch, las finanzas p\u00fablicas son el factor clave de calificaci\u00f3n negativa para la mayor\u00eda de los pa\u00edses centroamericanos, ya que la pandemia exacerb\u00f3 las d\u00e9biles tendencias fiscales subyacentes anteriores a 2020. La econom\u00eda guatemalteca enfrenta desaf\u00edos para su recuperaci\u00f3n al igual que sus pares en la regi\u00f3n, se\u00f1al\u00f3 la agencia de calificaci\u00f3n de riesgo pa\u00eds Fitch Ratings que hace advertencias, mientras las autoridades consideran que se trata de una percepci\u00f3n y que el proceso de recuperaci\u00f3n mejorar\u00e1 cuando se agilice la vacunaci\u00f3n. La firma emiti\u00f3 este 25 de mayo un bolet\u00edn en la cual consideran que la recuperaci\u00f3n econ\u00f3mica en M\u00e9xico, Centroam\u00e9rica y el Caribe se retrase en las calificaciones de sus pares \u201cdadas las profundas contracciones econ\u00f3micas de la regi\u00f3n y las perspectivas de recuperaci\u00f3n moderadas\u201d, ya que las \u201cpresiones negativas en las calificaciones\u201d contin\u00faan un a\u00f1o despu\u00e9s del brote de la pandemia de covid-19. Las presiones de calificaci\u00f3n en Centroam\u00e9rica y el Caribe tambi\u00e9n incluyen finanzas p\u00fablicas m\u00e1s d\u00e9biles y capacidad de financiamiento limitada, entre las consideraciones. Advierten de que un aumento sustancial del desempleo en la regi\u00f3n y la \u201ctibia\u201d recuperaci\u00f3n del turismo pueden retrasar la recuperaci\u00f3n econ\u00f3mica. Adem\u00e1s, que el lento progreso de la vacunaci\u00f3n sigue siendo un riesgo latente de una pandemia prolongada. \u201cLa campa\u00f1a de vacunaci\u00f3n, particularmente en Jamaica, Nicaragua y Guatemala, se ha quedado rezagada en otras regiones del mundo\u201d critica el informe. (Prensa Libre 26.05.21)<\/p>\n","protected":false},"excerpt":{"rendered":"<p>Para Fitch, las finanzas p\u00fablicas son el factor clave de calificaci\u00f3n negativa para la mayor\u00eda de los pa\u00edses centroamericanos, ya que la pandemia exacerb\u00f3 las d\u00e9biles tendencias fiscales subyacentes anteriores a 2020. La econom\u00eda&#46;&#46;&#46;<\/p>\n","protected":false},"author":1,"featured_media":0,"comment_status":"open","ping_status":"closed","sticky":false,"template":"","format":"standard","meta":{"footnotes":""},"categories":[9,5],"tags":[6921,7268],"class_list":["post-47416","post","type-post","status-publish","format-standard","hentry","category-actividad-productiva-actividad-productiva","category-actividad-productiva","tag-recuperacion-economica","tag-vacunacion-contra-el-covid-19"],"_links":{"self":[{"href":"https:\/\/copades.com\/monec\/index.php?rest_route=\/wp\/v2\/posts\/47416","targetHints":{"allow":["GET"]}}],"collection":[{"href":"https:\/\/copades.com\/monec\/index.php?rest_route=\/wp\/v2\/posts"}],"about":[{"href":"https:\/\/copades.com\/monec\/index.php?rest_route=\/wp\/v2\/types\/post"}],"author":[{"embeddable":true,"href":"https:\/\/copades.com\/monec\/index.php?rest_route=\/wp\/v2\/users\/1"}],"replies":[{"embeddable":true,"href":"https:\/\/copades.com\/monec\/index.php?rest_route=%2Fwp%2Fv2%2Fcomments&post=47416"}],"version-history":[{"count":1,"href":"https:\/\/copades.com\/monec\/index.php?rest_route=\/wp\/v2\/posts\/47416\/revisions"}],"predecessor-version":[{"id":47417,"href":"https:\/\/copades.com\/monec\/index.php?rest_route=\/wp\/v2\/posts\/47416\/revisions\/47417"}],"wp:attachment":[{"href":"https:\/\/copades.com\/monec\/index.php?rest_route=%2Fwp%2Fv2%2Fmedia&parent=47416"}],"wp:term":[{"taxonomy":"category","embeddable":true,"href":"https:\/\/copades.com\/monec\/index.php?rest_route=%2Fwp%2Fv2%2Fcategories&post=47416"},{"taxonomy":"post_tag","embeddable":true,"href":"https:\/\/copades.com\/monec\/index.php?rest_route=%2Fwp%2Fv2%2Ftags&post=47416"}],"curies":[{"name":"wp","href":"https:\/\/api.w.org\/{rel}","templated":true}]}}