{"id":47602,"date":"2021-06-08T17:54:24","date_gmt":"2021-06-08T23:54:24","guid":{"rendered":"http:\/\/copades.com\/monec\/?p=47602"},"modified":"2021-06-08T17:54:24","modified_gmt":"2021-06-08T23:54:24","slug":"ee-uu-dara-us40-millones-para-mujeres-indigenas-emprendedoras","status":"publish","type":"post","link":"https:\/\/copades.com\/monec\/?p=47602","title":{"rendered":"EE.UU. dar\u00e1 US$40 millones para mujeres ind\u00edgenas emprendedoras"},"content":{"rendered":"<p style=\"text-align: justify;\">La vicepresidenta de EE.UU., <strong>Kamala Harris<\/strong>, se reuni\u00f3 con nueve mujeres ind\u00edgenas emprendedoras que han sido beneficiarias de los programas de capacitaci\u00f3n y apoyo financiero de la Agencia de los Estados Unidos para el Desarrollo (USAID, por sus siglas en ingl\u00e9s). Las empresarias ind\u00edgenas mostraron a la vicemandataria el \u00e9xito alcanzado en su emprendimiento de venta de chocolate, caf\u00e9, producci\u00f3n de amaranto, textiles y agricultura. Con estos proyectos, las emprendedoras se\u00f1alaron que han podido dar empleo a m\u00e1s de cinco familias en sus peque\u00f1os negocios. Por su parte, Harris anunci\u00f3 que dar\u00e1 US$40 millones a este programa de USAID, en el cual se enfocar\u00e1n tambi\u00e9n en apoyar a las mujeres j\u00f3venes ind\u00edgenas en sus proyectos de emprendimiento. La vicegobernante estadounidense resalt\u00f3 que este es un proyecto importante para ella porque ayuda a reducir la brecha de g\u00e9nero que existe en Guatemala. (El Peri\u00f3dico 08.06.21)<\/p>\n","protected":false},"excerpt":{"rendered":"<p>La vicepresidenta de EE.UU., Kamala Harris, se reuni\u00f3 con nueve mujeres ind\u00edgenas emprendedoras que han sido beneficiarias de los programas de capacitaci\u00f3n y apoyo financiero de la Agencia de los Estados Unidos para el&#46;&#46;&#46;<\/p>\n","protected":false},"author":1,"featured_media":0,"comment_status":"open","ping_status":"closed","sticky":false,"template":"","format":"standard","meta":{"footnotes":""},"categories":[44],"tags":[7309,414],"class_list":["post-47602","post","type-post","status-publish","format-standard","hentry","category-cooperacion-internacional","tag-mujeres-indigenas-emprendedoras","tag-usaid"],"_links":{"self":[{"href":"https:\/\/copades.com\/monec\/index.php?rest_route=\/wp\/v2\/posts\/47602","targetHints":{"allow":["GET"]}}],"collection":[{"href":"https:\/\/copades.com\/monec\/index.php?rest_route=\/wp\/v2\/posts"}],"about":[{"href":"https:\/\/copades.com\/monec\/index.php?rest_route=\/wp\/v2\/types\/post"}],"author":[{"embeddable":true,"href":"https:\/\/copades.com\/monec\/index.php?rest_route=\/wp\/v2\/users\/1"}],"replies":[{"embeddable":true,"href":"https:\/\/copades.com\/monec\/index.php?rest_route=%2Fwp%2Fv2%2Fcomments&post=47602"}],"version-history":[{"count":1,"href":"https:\/\/copades.com\/monec\/index.php?rest_route=\/wp\/v2\/posts\/47602\/revisions"}],"predecessor-version":[{"id":47603,"href":"https:\/\/copades.com\/monec\/index.php?rest_route=\/wp\/v2\/posts\/47602\/revisions\/47603"}],"wp:attachment":[{"href":"https:\/\/copades.com\/monec\/index.php?rest_route=%2Fwp%2Fv2%2Fmedia&parent=47602"}],"wp:term":[{"taxonomy":"category","embeddable":true,"href":"https:\/\/copades.com\/monec\/index.php?rest_route=%2Fwp%2Fv2%2Fcategories&post=47602"},{"taxonomy":"post_tag","embeddable":true,"href":"https:\/\/copades.com\/monec\/index.php?rest_route=%2Fwp%2Fv2%2Ftags&post=47602"}],"curies":[{"name":"wp","href":"https:\/\/api.w.org\/{rel}","templated":true}]}}