{"id":47606,"date":"2021-06-08T18:01:56","date_gmt":"2021-06-09T00:01:56","guid":{"rendered":"http:\/\/copades.com\/monec\/?p=47606"},"modified":"2021-06-08T18:01:56","modified_gmt":"2021-06-09T00:01:56","slug":"el-doble-reto-que-enfrentan-los-productores-de-arroz-en-guatemala","status":"publish","type":"post","link":"https:\/\/copades.com\/monec\/?p=47606","title":{"rendered":"El doble reto que enfrentan los productores de arroz en Guatemala"},"content":{"rendered":"<p style=\"text-align: justify;\">Los arroceros nacionales enfrentan un doble reto. Por un lado, a\u00fan se mantiene sobre la mesa de negociaci\u00f3n el tema del Requisito de Compra de Cosecha Nacional de arroz con c\u00e1scara, y se suma la pr\u00f3xima eliminaci\u00f3n de los aranceles debido a la aplicaci\u00f3n del Tratado de Libre Comercio DR-CAFTA. Ambos temas impactan tanto en la producci\u00f3n de este a\u00f1o como en una posible p\u00e9rdida de empleos, y no solo a nivel local, sino que alcanzar\u00eda a toda Centroam\u00e9rica y Rep\u00fablica Dominicana. El tema del DR-CAFTA se suma a la problem\u00e1tica ocasionada por la eliminaci\u00f3n del requisito de compra de cosecha nacional. El primero se ha discutido desde hace algunos a\u00f1os con el gobierno central, incluyendo al Ministerio de Econom\u00eda, y de Agricultura, Ganader\u00eda y Alimentaci\u00f3n, \u201csin que muestren alg\u00fan inter\u00e9s en resolverlo\u201d se\u00f1al\u00f3 <strong>\u00c1lvaro Padilla<\/strong>, presidente de la Asociaci\u00f3n de productores de Arroz en Guatemala, -Apagua-. La Federaci\u00f3n Centroamericana del Arroz -Fecarroz- env\u00edo una carta a la vicepresidenta de Estados Unidos, Kamala Harris, en el marco de la visita que llev\u00f3 a cabo en el pa\u00eds, donde le exponen la preocupaci\u00f3n ante la inminente quiebra de 62 mil productores de arroz y 350 mil empleos que podr\u00edan perderse por la eliminaci\u00f3n de aranceles. (Prensa Libre 08.06.21)<\/p>\n","protected":false},"excerpt":{"rendered":"<p>Los arroceros nacionales enfrentan un doble reto. Por un lado, a\u00fan se mantiene sobre la mesa de negociaci\u00f3n el tema del Requisito de Compra de Cosecha Nacional de arroz con c\u00e1scara, y se suma&#46;&#46;&#46;<\/p>\n","protected":false},"author":1,"featured_media":0,"comment_status":"open","ping_status":"closed","sticky":false,"template":"","format":"standard","meta":{"footnotes":""},"categories":[24,34],"tags":[2134,1409,7311],"class_list":["post-47606","post","type-post","status-publish","format-standard","hentry","category-comercio-exterior","category-importaciones","tag-apagua","tag-dr-cafta","tag-fecarroz"],"_links":{"self":[{"href":"https:\/\/copades.com\/monec\/index.php?rest_route=\/wp\/v2\/posts\/47606","targetHints":{"allow":["GET"]}}],"collection":[{"href":"https:\/\/copades.com\/monec\/index.php?rest_route=\/wp\/v2\/posts"}],"about":[{"href":"https:\/\/copades.com\/monec\/index.php?rest_route=\/wp\/v2\/types\/post"}],"author":[{"embeddable":true,"href":"https:\/\/copades.com\/monec\/index.php?rest_route=\/wp\/v2\/users\/1"}],"replies":[{"embeddable":true,"href":"https:\/\/copades.com\/monec\/index.php?rest_route=%2Fwp%2Fv2%2Fcomments&post=47606"}],"version-history":[{"count":1,"href":"https:\/\/copades.com\/monec\/index.php?rest_route=\/wp\/v2\/posts\/47606\/revisions"}],"predecessor-version":[{"id":47607,"href":"https:\/\/copades.com\/monec\/index.php?rest_route=\/wp\/v2\/posts\/47606\/revisions\/47607"}],"wp:attachment":[{"href":"https:\/\/copades.com\/monec\/index.php?rest_route=%2Fwp%2Fv2%2Fmedia&parent=47606"}],"wp:term":[{"taxonomy":"category","embeddable":true,"href":"https:\/\/copades.com\/monec\/index.php?rest_route=%2Fwp%2Fv2%2Fcategories&post=47606"},{"taxonomy":"post_tag","embeddable":true,"href":"https:\/\/copades.com\/monec\/index.php?rest_route=%2Fwp%2Fv2%2Ftags&post=47606"}],"curies":[{"name":"wp","href":"https:\/\/api.w.org\/{rel}","templated":true}]}}