{"id":47713,"date":"2021-06-16T10:36:44","date_gmt":"2021-06-16T16:36:44","guid":{"rendered":"http:\/\/copades.com\/monec\/?p=47713"},"modified":"2021-06-17T10:41:40","modified_gmt":"2021-06-17T16:41:40","slug":"antigua-guatemala-sera-sede-del-sexto-congreso-latinoamericano-de-aguacate","status":"publish","type":"post","link":"https:\/\/copades.com\/monec\/?p=47713","title":{"rendered":"Antigua Guatemala ser\u00e1 sede del sexto Congreso Latinoamericano de Aguacate"},"content":{"rendered":"<p style=\"text-align: justify;\">Antigua Guatemala, Sacatep\u00e9quez, acoger\u00e1 el sexto Congreso Latinoamericano de Aguacate, que se realizar\u00e1 del 9 al 12 de noviembre pr\u00f3ximos, dio a conocer la Asociaci\u00f3n Guatemalteca de Exportadores (Agexport). La sede del c\u00f3nclave fue disputada con Per\u00fa. Sin embargo, Guatemala fue electa para esta cita, en la cual se espera la participaci\u00f3n de no menos de 300 personas, entre productores, comercializadores, exportadores e investigadores. La situaci\u00f3n del mercado mundial, las tendencias, la tecnolog\u00eda y los casos de \u00e9xito que contribuyan al mejoramiento de la producci\u00f3n y comercializaci\u00f3n del aguacate de Guatemala y Latinoam\u00e9rica ser\u00e1n abordados en el congreso, refiri\u00f3 <strong>Andr\u00e9s Espinoza<\/strong>, presidente del Comit\u00e9 Organizador. Seg\u00fan la Agexport, las cualidades vers\u00e1tiles del fruto hacen que sea un producto con alta demanda en el plano global, por lo cual se estima que su consumo se incremente entre el 10% y el 15% en los pr\u00f3ximos 10 a\u00f1os. En el pa\u00eds, el cultivo de este fruto abarca 6 mil hect\u00e1reas de la variedad Hass y 1 mil hect\u00e1reas de aguacate Booth, as\u00ed como un \u00e1rea no determinada de especies criollas. En el primer trimestre de este a\u00f1o, el pa\u00eds canaliz\u00f3 US $3.3 millones por exportaci\u00f3n de aguacate. Entre los mercados est\u00e1n Pa\u00edses Bajos, Reino Unido, Costa Rica y Honduras, de acuerdo con el Banco de Guatemala. (Diario de Centro Am\u00e9rica 16.06.21)<\/p>\n","protected":false},"excerpt":{"rendered":"<p>Antigua Guatemala, Sacatep\u00e9quez, acoger\u00e1 el sexto Congreso Latinoamericano de Aguacate, que se realizar\u00e1 del 9 al 12 de noviembre pr\u00f3ximos, dio a conocer la Asociaci\u00f3n Guatemalteca de Exportadores (Agexport). La sede del c\u00f3nclave fue&#46;&#46;&#46;<\/p>\n","protected":false},"author":1,"featured_media":0,"comment_status":"open","ping_status":"closed","sticky":false,"template":"","format":"standard","meta":{"footnotes":""},"categories":[5,10],"tags":[181,7327],"class_list":["post-47713","post","type-post","status-publish","format-standard","hentry","category-actividad-productiva","category-agricultura","tag-agexport","tag-congreso-latinoamericano-de-aguacate"],"_links":{"self":[{"href":"https:\/\/copades.com\/monec\/index.php?rest_route=\/wp\/v2\/posts\/47713","targetHints":{"allow":["GET"]}}],"collection":[{"href":"https:\/\/copades.com\/monec\/index.php?rest_route=\/wp\/v2\/posts"}],"about":[{"href":"https:\/\/copades.com\/monec\/index.php?rest_route=\/wp\/v2\/types\/post"}],"author":[{"embeddable":true,"href":"https:\/\/copades.com\/monec\/index.php?rest_route=\/wp\/v2\/users\/1"}],"replies":[{"embeddable":true,"href":"https:\/\/copades.com\/monec\/index.php?rest_route=%2Fwp%2Fv2%2Fcomments&post=47713"}],"version-history":[{"count":1,"href":"https:\/\/copades.com\/monec\/index.php?rest_route=\/wp\/v2\/posts\/47713\/revisions"}],"predecessor-version":[{"id":47714,"href":"https:\/\/copades.com\/monec\/index.php?rest_route=\/wp\/v2\/posts\/47713\/revisions\/47714"}],"wp:attachment":[{"href":"https:\/\/copades.com\/monec\/index.php?rest_route=%2Fwp%2Fv2%2Fmedia&parent=47713"}],"wp:term":[{"taxonomy":"category","embeddable":true,"href":"https:\/\/copades.com\/monec\/index.php?rest_route=%2Fwp%2Fv2%2Fcategories&post=47713"},{"taxonomy":"post_tag","embeddable":true,"href":"https:\/\/copades.com\/monec\/index.php?rest_route=%2Fwp%2Fv2%2Ftags&post=47713"}],"curies":[{"name":"wp","href":"https:\/\/api.w.org\/{rel}","templated":true}]}}