{"id":47896,"date":"2021-06-21T13:14:25","date_gmt":"2021-06-21T19:14:25","guid":{"rendered":"http:\/\/copades.com\/monec\/?p=47896"},"modified":"2021-06-22T13:32:00","modified_gmt":"2021-06-22T19:32:00","slug":"costa-rica-un-camino-de-buen-gobierno-lo-llevo-a-la-ocde","status":"publish","type":"post","link":"https:\/\/copades.com\/monec\/?p=47896","title":{"rendered":"Costa Rica, un camino de buen gobierno lo llev\u00f3 a la OCDE"},"content":{"rendered":"<p style=\"text-align: justify;\">La visi\u00f3n de largo plazo de la naci\u00f3n centroamericana se impuso para lograr las reformas necesarias incluidas en una hoja de ruta para ser aceptada como el 38 miembro de la Organizaci\u00f3n para la Cooperaci\u00f3n y el Desarrollo Econ\u00f3mico (OCDE). Despu\u00e9s de casi una d\u00e9cada, desde que bajo la presidencia de <strong>Laura Chinchilla<\/strong> se manifest\u00f3 la intenci\u00f3n de ser aceptados en la OCDE, Costa Rica ha trabajado en el plan para eliminar retrasos burocr\u00e1ticos, mejorar la infraestructura y combatir la corrupci\u00f3n, entre otros aspectos necesarios para ser considerado parte del selecto foro de pa\u00edses desarrollados. La invitaci\u00f3n para unirse a la OCDE fue recibida en mayo de 2020, tras completar el proceso que se inici\u00f3 en julio de 2015 en el que 22 comit\u00e9s de ese organismo evaluaron y sugirieron reformas para alcanzar los est\u00e1ndares requeridos y que en Latinoam\u00e9rica solamente cumpl\u00edan M\u00e9xico, Chile y Colombia. La Embajada de Costa Rica en Guatemala se\u00f1al\u00f3 que con la hoja de ruta se inici\u00f3 el proceso formal de acceso que implic\u00f3 el trabajo conjunto de m\u00e1s de 30 instituciones de Gobierno, bajo la coordinaci\u00f3n del Ministerio de Comercio Exterior. Reformas en \u00e1reas de competencia, sistemas de estad\u00edstica, manejo de residuos, buen gobierno de empresas estatales, el registro de accionistas para garantizar la transparencia fiscal y las pruebas en el sistema educativo p\u00fablico fueron parte del proceso. Con la adhesi\u00f3n tambi\u00e9n se reconoce el progreso social y econ\u00f3mico de Costa Rica mediante un modelo que procura el progreso y el bienestar basado en el respeto al Estado de derecho, la democracia, educaci\u00f3n, seguridad social y la vocaci\u00f3n por la protecci\u00f3n del ambiente y los derechos humanos, a\u00f1adi\u00f3 la embajada a cargo de Emilio Arias Rodr\u00edguez. (El Peri\u00f3dico 21.06.21)<\/p>\n","protected":false},"excerpt":{"rendered":"<p>La visi\u00f3n de largo plazo de la naci\u00f3n centroamericana se impuso para lograr las reformas necesarias incluidas en una hoja de ruta para ser aceptada como el 38 miembro de la Organizaci\u00f3n para la&#46;&#46;&#46;<\/p>\n","protected":false},"author":1,"featured_media":47897,"comment_status":"open","ping_status":"closed","sticky":false,"template":"","format":"standard","meta":{"footnotes":""},"categories":[54],"tags":[133],"class_list":["post-47896","post","type-post","status-publish","format-standard","has-post-thumbnail","hentry","category-centroamerica-seleccion","tag-ocde"],"_links":{"self":[{"href":"https:\/\/copades.com\/monec\/index.php?rest_route=\/wp\/v2\/posts\/47896","targetHints":{"allow":["GET"]}}],"collection":[{"href":"https:\/\/copades.com\/monec\/index.php?rest_route=\/wp\/v2\/posts"}],"about":[{"href":"https:\/\/copades.com\/monec\/index.php?rest_route=\/wp\/v2\/types\/post"}],"author":[{"embeddable":true,"href":"https:\/\/copades.com\/monec\/index.php?rest_route=\/wp\/v2\/users\/1"}],"replies":[{"embeddable":true,"href":"https:\/\/copades.com\/monec\/index.php?rest_route=%2Fwp%2Fv2%2Fcomments&post=47896"}],"version-history":[{"count":1,"href":"https:\/\/copades.com\/monec\/index.php?rest_route=\/wp\/v2\/posts\/47896\/revisions"}],"predecessor-version":[{"id":47898,"href":"https:\/\/copades.com\/monec\/index.php?rest_route=\/wp\/v2\/posts\/47896\/revisions\/47898"}],"wp:featuredmedia":[{"embeddable":true,"href":"https:\/\/copades.com\/monec\/index.php?rest_route=\/wp\/v2\/media\/47897"}],"wp:attachment":[{"href":"https:\/\/copades.com\/monec\/index.php?rest_route=%2Fwp%2Fv2%2Fmedia&parent=47896"}],"wp:term":[{"taxonomy":"category","embeddable":true,"href":"https:\/\/copades.com\/monec\/index.php?rest_route=%2Fwp%2Fv2%2Fcategories&post=47896"},{"taxonomy":"post_tag","embeddable":true,"href":"https:\/\/copades.com\/monec\/index.php?rest_route=%2Fwp%2Fv2%2Ftags&post=47896"}],"curies":[{"name":"wp","href":"https:\/\/api.w.org\/{rel}","templated":true}]}}