{"id":48204,"date":"2021-07-06T18:44:26","date_gmt":"2021-07-07T00:44:26","guid":{"rendered":"http:\/\/copades.com\/monec\/?p=48204"},"modified":"2021-07-07T18:48:19","modified_gmt":"2021-07-08T00:48:19","slug":"india-y-guatemala-buscan-mejorar-exportaciones-e-inversiones","status":"publish","type":"post","link":"https:\/\/copades.com\/monec\/?p=48204","title":{"rendered":"India y Guatemala buscan mejorar exportaciones e inversiones"},"content":{"rendered":"<p style=\"text-align: justify;\">Con la finalidad de fortalecer los lazos de amistad y comercio con Guatemala, se encuentra en nuestro pa\u00eds en visita oficial V. Muraleedharan, ministro de Estado de Asuntos Exteriores de la Rep\u00fablica de India, quien sostuvo un intercambio de puntos de vista con miembros de la iniciativa privada y del gobierno. <strong>Antonio Malouf<\/strong>, ministro de Econom\u00eda, expres\u00f3 que la distancia que existe entre Guatemala y la India, ha sido un obst\u00e1culo para mejorar las exportaciones, pero en la actualidad \u201cles vendemos Q234.4 millones (U$ 30 millones) y les compramos productos por Q2, 247.2 millones (U$290 millones), y se tiene un incremento por las exportaciones de cardamomo que es de excelente calidad\u201d. Agreg\u00f3 que por ello, es importante esta clase de reuniones donde est\u00e1n presentes los presidentes de las diferentes c\u00e1maras empresariales. \u201cBuscamos incrementar nuestras exportaciones pero sobre todo la atracci\u00f3n de inversores de esa naci\u00f3n. Lo que deseamos es tener un gana-gana\u201d. Sostuvo que su cartera est\u00e1 participando a trav\u00e9s del Programa Nacional de Competitividad (Pronacom) para apoyar esas inversiones y la oportunidad de incrementar el comercio Binacional. <strong>Jorge Briz<\/strong>, presidente de la C\u00e1mara de Comercio, expres\u00f3 que el mensaje que manda India con la visita de su canciller es importante, ya que indica la relevancia de las relaciones que esa naci\u00f3n tiene con nuestro pa\u00eds. (Diario de Centro Am\u00e9rica 06.07.21)<\/p>\n","protected":false},"excerpt":{"rendered":"<p>Con la finalidad de fortalecer los lazos de amistad y comercio con Guatemala, se encuentra en nuestro pa\u00eds en visita oficial V. Muraleedharan, ministro de Estado de Asuntos Exteriores de la Rep\u00fablica de India,&#46;&#46;&#46;<\/p>\n","protected":false},"author":1,"featured_media":48205,"comment_status":"open","ping_status":"closed","sticky":false,"template":"","format":"standard","meta":{"footnotes":""},"categories":[25,24],"tags":[715,169],"class_list":["post-48204","post","type-post","status-publish","format-standard","has-post-thumbnail","hentry","category-comercio-exterior-3","category-comercio-exterior","tag-india","tag-pronacom"],"_links":{"self":[{"href":"https:\/\/copades.com\/monec\/index.php?rest_route=\/wp\/v2\/posts\/48204","targetHints":{"allow":["GET"]}}],"collection":[{"href":"https:\/\/copades.com\/monec\/index.php?rest_route=\/wp\/v2\/posts"}],"about":[{"href":"https:\/\/copades.com\/monec\/index.php?rest_route=\/wp\/v2\/types\/post"}],"author":[{"embeddable":true,"href":"https:\/\/copades.com\/monec\/index.php?rest_route=\/wp\/v2\/users\/1"}],"replies":[{"embeddable":true,"href":"https:\/\/copades.com\/monec\/index.php?rest_route=%2Fwp%2Fv2%2Fcomments&post=48204"}],"version-history":[{"count":1,"href":"https:\/\/copades.com\/monec\/index.php?rest_route=\/wp\/v2\/posts\/48204\/revisions"}],"predecessor-version":[{"id":48206,"href":"https:\/\/copades.com\/monec\/index.php?rest_route=\/wp\/v2\/posts\/48204\/revisions\/48206"}],"wp:featuredmedia":[{"embeddable":true,"href":"https:\/\/copades.com\/monec\/index.php?rest_route=\/wp\/v2\/media\/48205"}],"wp:attachment":[{"href":"https:\/\/copades.com\/monec\/index.php?rest_route=%2Fwp%2Fv2%2Fmedia&parent=48204"}],"wp:term":[{"taxonomy":"category","embeddable":true,"href":"https:\/\/copades.com\/monec\/index.php?rest_route=%2Fwp%2Fv2%2Fcategories&post=48204"},{"taxonomy":"post_tag","embeddable":true,"href":"https:\/\/copades.com\/monec\/index.php?rest_route=%2Fwp%2Fv2%2Ftags&post=48204"}],"curies":[{"name":"wp","href":"https:\/\/api.w.org\/{rel}","templated":true}]}}