{"id":48242,"date":"2021-07-09T10:39:57","date_gmt":"2021-07-09T16:39:57","guid":{"rendered":"http:\/\/copades.com\/monec\/?p=48242"},"modified":"2021-07-13T10:45:10","modified_gmt":"2021-07-13T16:45:10","slug":"pais-amplia-su-perspectiva-economica","status":"publish","type":"post","link":"https:\/\/copades.com\/monec\/?p=48242","title":{"rendered":"Pa\u00eds ampl\u00eda su perspectiva econ\u00f3mica"},"content":{"rendered":"<p style=\"text-align: justify;\">La Comisi\u00f3n Econ\u00f3mica para Am\u00e9rica Latina y el Caribe (Cepal) actualiz\u00f3 sus proyecciones de crecimiento econ\u00f3mico para la regi\u00f3n y mejor\u00f3 su perspectiva para Guatemala al pasar de 3.5% a 4.6% para 2021, y apunt\u00f3 en 4% la expansi\u00f3n para 2022. Las estimaciones de la Cepal, publicadas ayer en un nuevo informe, se asemejan a las del Fondo Monetario Internacional, que prev\u00e9 en 4.5% y 4% el incremento del Producto Interno Bruto (PIB) guatemalteco para este y el pr\u00f3ximo a\u00f1o, respectivamente. El rebote econ\u00f3mico generalizado en Latinoam\u00e9rica (5.2% para 2021) es, entre otros, un reflejo de \u201clos efectos positivos de un mayor crecimiento mundial que se traduce en m\u00e1s demanda externa, en particular desde EE. UU. y China, y el aumento de los precios de las materias primas que han propiciado una reactivaci\u00f3n\u201d, de acuerdo con la comisi\u00f3n. (Diario de Centro Am\u00e9rica 09.07.21)<\/p>\n","protected":false},"excerpt":{"rendered":"<p>La Comisi\u00f3n Econ\u00f3mica para Am\u00e9rica Latina y el Caribe (Cepal) actualiz\u00f3 sus proyecciones de crecimiento econ\u00f3mico para la regi\u00f3n y mejor\u00f3 su perspectiva para Guatemala al pasar de 3.5% a 4.6% para 2021, y&#46;&#46;&#46;<\/p>\n","protected":false},"author":1,"featured_media":48243,"comment_status":"open","ping_status":"closed","sticky":false,"template":"","format":"standard","meta":{"footnotes":""},"categories":[9,5],"tags":[141,142],"class_list":["post-48242","post","type-post","status-publish","format-standard","has-post-thumbnail","hentry","category-actividad-productiva-actividad-productiva","category-actividad-productiva","tag-cepal","tag-pib"],"_links":{"self":[{"href":"https:\/\/copades.com\/monec\/index.php?rest_route=\/wp\/v2\/posts\/48242","targetHints":{"allow":["GET"]}}],"collection":[{"href":"https:\/\/copades.com\/monec\/index.php?rest_route=\/wp\/v2\/posts"}],"about":[{"href":"https:\/\/copades.com\/monec\/index.php?rest_route=\/wp\/v2\/types\/post"}],"author":[{"embeddable":true,"href":"https:\/\/copades.com\/monec\/index.php?rest_route=\/wp\/v2\/users\/1"}],"replies":[{"embeddable":true,"href":"https:\/\/copades.com\/monec\/index.php?rest_route=%2Fwp%2Fv2%2Fcomments&post=48242"}],"version-history":[{"count":1,"href":"https:\/\/copades.com\/monec\/index.php?rest_route=\/wp\/v2\/posts\/48242\/revisions"}],"predecessor-version":[{"id":48244,"href":"https:\/\/copades.com\/monec\/index.php?rest_route=\/wp\/v2\/posts\/48242\/revisions\/48244"}],"wp:featuredmedia":[{"embeddable":true,"href":"https:\/\/copades.com\/monec\/index.php?rest_route=\/wp\/v2\/media\/48243"}],"wp:attachment":[{"href":"https:\/\/copades.com\/monec\/index.php?rest_route=%2Fwp%2Fv2%2Fmedia&parent=48242"}],"wp:term":[{"taxonomy":"category","embeddable":true,"href":"https:\/\/copades.com\/monec\/index.php?rest_route=%2Fwp%2Fv2%2Fcategories&post=48242"},{"taxonomy":"post_tag","embeddable":true,"href":"https:\/\/copades.com\/monec\/index.php?rest_route=%2Fwp%2Fv2%2Ftags&post=48242"}],"curies":[{"name":"wp","href":"https:\/\/api.w.org\/{rel}","templated":true}]}}