{"id":48248,"date":"2021-07-09T10:50:21","date_gmt":"2021-07-09T16:50:21","guid":{"rendered":"http:\/\/copades.com\/monec\/?p=48248"},"modified":"2021-07-13T10:55:14","modified_gmt":"2021-07-13T16:55:14","slug":"demanda-energetica-se-recupera-desigualmente","status":"publish","type":"post","link":"https:\/\/copades.com\/monec\/?p=48248","title":{"rendered":"Demanda energ\u00e9tica se recupera desigualmente"},"content":{"rendered":"<p style=\"text-align: justify;\">Durante el primer semestre del 2021, se registr\u00f3 un consumo de energ\u00eda el\u00e9ctrica en 9.42% mayor que en el mismo plazo del 2020, seg\u00fan el Administrador del Mercado Mayorista (AMM). En ese plazo del 2020 la demanda de energ\u00eda hab\u00eda ca\u00eddo -2.56% respecto al primer semestre del 2019, llegando a 5 mil 199.04 Gigavatios hora (GWh), impactado por las restricciones y suspensi\u00f3n de actividades econ\u00f3micas que incluyeron a los sectores industrial y comercial. Aunque en los hogares, debido al confinamiento, teletrabajo y clases virtuales creci\u00f3 el consumo en ese per\u00edodo. En tanto en los primeros seis meses del 2021, lleg\u00f3 a 5 mil 688.92 GWh, registrando el 9.42% de crecimiento y que supera las cifras reportadas en el 2019. Edgar Navarro, presidente del AMM, dijo que el impacto que ha tenido la pandemia del covid-19 se ha visto reflejado en todos los sectores del pa\u00eds y el sector el\u00e9ctrico no es la excepci\u00f3n. Se observ\u00f3 una disminuci\u00f3n en la demanda de potencia y en el consumo a partir del mes de marzo 2020, cuando el pa\u00eds fue declarado en estado de calamidad p\u00fablica. La demanda m\u00e1xima hist\u00f3rica de potencia (mayor demanda de energ\u00eda en un momento dado) en el pa\u00eds se registr\u00f3 el 12 de abril del 2021, en la segunda semana despu\u00e9s de Semana Santa llegando a 1 mil 829.53 Megavatios (MW). (Prensa Libre 09.07.21)<\/p>\n","protected":false},"excerpt":{"rendered":"<p>Durante el primer semestre del 2021, se registr\u00f3 un consumo de energ\u00eda el\u00e9ctrica en 9.42% mayor que en el mismo plazo del 2020, seg\u00fan el Administrador del Mercado Mayorista (AMM). En ese plazo del&#46;&#46;&#46;<\/p>\n","protected":false},"author":1,"featured_media":48249,"comment_status":"open","ping_status":"closed","sticky":false,"template":"","format":"standard","meta":{"footnotes":""},"categories":[5,14],"tags":[341,7361,5809],"class_list":["post-48248","post","type-post","status-publish","format-standard","has-post-thumbnail","hentry","category-actividad-productiva","category-energia-electrica","tag-amm","tag-consumo-de-energia","tag-sector-electrico"],"_links":{"self":[{"href":"https:\/\/copades.com\/monec\/index.php?rest_route=\/wp\/v2\/posts\/48248","targetHints":{"allow":["GET"]}}],"collection":[{"href":"https:\/\/copades.com\/monec\/index.php?rest_route=\/wp\/v2\/posts"}],"about":[{"href":"https:\/\/copades.com\/monec\/index.php?rest_route=\/wp\/v2\/types\/post"}],"author":[{"embeddable":true,"href":"https:\/\/copades.com\/monec\/index.php?rest_route=\/wp\/v2\/users\/1"}],"replies":[{"embeddable":true,"href":"https:\/\/copades.com\/monec\/index.php?rest_route=%2Fwp%2Fv2%2Fcomments&post=48248"}],"version-history":[{"count":1,"href":"https:\/\/copades.com\/monec\/index.php?rest_route=\/wp\/v2\/posts\/48248\/revisions"}],"predecessor-version":[{"id":48250,"href":"https:\/\/copades.com\/monec\/index.php?rest_route=\/wp\/v2\/posts\/48248\/revisions\/48250"}],"wp:featuredmedia":[{"embeddable":true,"href":"https:\/\/copades.com\/monec\/index.php?rest_route=\/wp\/v2\/media\/48249"}],"wp:attachment":[{"href":"https:\/\/copades.com\/monec\/index.php?rest_route=%2Fwp%2Fv2%2Fmedia&parent=48248"}],"wp:term":[{"taxonomy":"category","embeddable":true,"href":"https:\/\/copades.com\/monec\/index.php?rest_route=%2Fwp%2Fv2%2Fcategories&post=48248"},{"taxonomy":"post_tag","embeddable":true,"href":"https:\/\/copades.com\/monec\/index.php?rest_route=%2Fwp%2Fv2%2Ftags&post=48248"}],"curies":[{"name":"wp","href":"https:\/\/api.w.org\/{rel}","templated":true}]}}