{"id":48482,"date":"2021-07-21T17:51:51","date_gmt":"2021-07-21T23:51:51","guid":{"rendered":"http:\/\/copades.com\/monec\/?p=48482"},"modified":"2021-07-21T17:51:51","modified_gmt":"2021-07-21T23:51:51","slug":"panama-y-colombia-firman-acuerdo-para-regular-la-interconexion-electrica-entre-ambos-paises","status":"publish","type":"post","link":"https:\/\/copades.com\/monec\/?p=48482","title":{"rendered":"Panam\u00e1 y Colombia firman acuerdo para regular la interconexi\u00f3n el\u00e9ctrica entre ambos pa\u00edses"},"content":{"rendered":"<p id=\"m97-96-98\" class=\"paragraph \" style=\"text-align: justify;\">Los gobiernos de Colombia y Panam\u00e1\u00a0 firmaron un acuerdo para\u00a0 regular la interconexi\u00f3n el\u00e9ctrica entre ambos pa\u00edses, inform\u00f3 la Secretar\u00eda de Energ\u00eda de Panam\u00e1.\u00a0El convenio permitir\u00e1 definir los principios, criterios b\u00e1sicos y lineamientos generales en que se basar\u00e1 el Esquema de Armonizaci\u00f3n Regulatoria para el desarrollo y operaci\u00f3n de la interconexi\u00f3n el\u00e9ctrica entre ambos pa\u00edses. El acuerdo, firmado por el Ministerio de Minas y Energ\u00eda de Colombia y la Secretar\u00eda Nacional de Energ\u00eda de Panam\u00e1, permitir\u00e1 avanzar en el\u00a0Esquema de Armonizaci\u00f3n Regulatoria para el desarrollo y operaci\u00f3n de la interconexi\u00f3n el\u00e9ctrica. Dicho esquema\u00a0 deber\u00e1 incluir los mecanismos para el desarrollo y remuneraci\u00f3n del proyecto, las condiciones para el intercambio de energ\u00eda y las reglas para la operaci\u00f3n comercial y t\u00e9cnica de la interconexi\u00f3n el\u00e9ctrica, y estar\u00e1 a cargo de la Comisi\u00f3n de Regulaci\u00f3n de Energ\u00eda y Gas (CREG) de Colombia y la Autoridad Nacional de los Servicios P\u00fablicos (ASEP) de Panam\u00e1,\u00a0seg\u00fan inform\u00f3 la Secretar\u00eda de Energ\u00eda Paname\u00f1a.<\/p>\n<p id=\"m122-121-123\" class=\"paragraph \" style=\"text-align: justify;\">\u00abEste es un hito m\u00e1s del compromiso que tienen ambos pa\u00edses de impulsar proyectos que garanticen seguridad energ\u00e9tica para la regi\u00f3n, mediante un abastecimiento diversificado, seguro, confiable y responsable con el medio ambiente, donde la integraci\u00f3n adquiere un nuevo alcance social\u201d, afirm\u00f3 el secretario de Energ\u00eda de Panam\u00e1,\u00a0Jorge Rivera Staff, durante el acto de firma del acuerdo. Tambi\u00e9n \u201cconstituye un paso fundamental en el proceso de viabilizaci\u00f3n de la interconexi\u00f3n el\u00e9ctrica, la cual representa la integraci\u00f3n de la Comunidad Andina con Centroam\u00e9rica\u00bb. Adem\u00e1s, nos permitir\u00e1 hacer un uso optimizado de los recursos energ\u00e9ticos y de la generaci\u00f3n excedente, mejorar la calidad en la prestaci\u00f3n del servicio de energ\u00eda el\u00e9ctrica, fortalecer la confiabilidad de los sistemas de ambos pa\u00edses y asegurar una asistencia rec\u00edproca en caso de emergencia\u201d, a\u00f1adi\u00f3 el ministro de Minas y Energ\u00eda de Colombia, Diego Mesa. <strong>Fuente:\u00a0www.laestrella.com.pa<\/strong><\/p>\n<div class=\"article-content-ad \" data-ad-position=\"content\" data-article-id=\"452046\" data-article-category=\"economia\">\n<div id=\"div-gpt-ad-1568042215712-0\" class=\"article-content-ad body-ads\" data-article-id=\"452046\" data-ad-position=\"B\" data-google-query-id=\"CIa9kYut9fECFU0FwwodFfIKMQ\"><\/div>\n<\/div>\n","protected":false},"excerpt":{"rendered":"<p>Los gobiernos de Colombia y Panam\u00e1\u00a0 firmaron un acuerdo para\u00a0 regular la interconexi\u00f3n el\u00e9ctrica entre ambos pa\u00edses, inform\u00f3 la Secretar\u00eda de Energ\u00eda de Panam\u00e1.\u00a0El convenio permitir\u00e1 definir los principios, criterios b\u00e1sicos y lineamientos generales&#46;&#46;&#46;<\/p>\n","protected":false},"author":1,"featured_media":48347,"comment_status":"open","ping_status":"closed","sticky":false,"template":"","format":"standard","meta":{"footnotes":""},"categories":[54],"tags":[],"class_list":["post-48482","post","type-post","status-publish","format-standard","has-post-thumbnail","hentry","category-centroamerica-seleccion"],"_links":{"self":[{"href":"https:\/\/copades.com\/monec\/index.php?rest_route=\/wp\/v2\/posts\/48482","targetHints":{"allow":["GET"]}}],"collection":[{"href":"https:\/\/copades.com\/monec\/index.php?rest_route=\/wp\/v2\/posts"}],"about":[{"href":"https:\/\/copades.com\/monec\/index.php?rest_route=\/wp\/v2\/types\/post"}],"author":[{"embeddable":true,"href":"https:\/\/copades.com\/monec\/index.php?rest_route=\/wp\/v2\/users\/1"}],"replies":[{"embeddable":true,"href":"https:\/\/copades.com\/monec\/index.php?rest_route=%2Fwp%2Fv2%2Fcomments&post=48482"}],"version-history":[{"count":1,"href":"https:\/\/copades.com\/monec\/index.php?rest_route=\/wp\/v2\/posts\/48482\/revisions"}],"predecessor-version":[{"id":48483,"href":"https:\/\/copades.com\/monec\/index.php?rest_route=\/wp\/v2\/posts\/48482\/revisions\/48483"}],"wp:featuredmedia":[{"embeddable":true,"href":"https:\/\/copades.com\/monec\/index.php?rest_route=\/wp\/v2\/media\/48347"}],"wp:attachment":[{"href":"https:\/\/copades.com\/monec\/index.php?rest_route=%2Fwp%2Fv2%2Fmedia&parent=48482"}],"wp:term":[{"taxonomy":"category","embeddable":true,"href":"https:\/\/copades.com\/monec\/index.php?rest_route=%2Fwp%2Fv2%2Fcategories&post=48482"},{"taxonomy":"post_tag","embeddable":true,"href":"https:\/\/copades.com\/monec\/index.php?rest_route=%2Fwp%2Fv2%2Ftags&post=48482"}],"curies":[{"name":"wp","href":"https:\/\/api.w.org\/{rel}","templated":true}]}}