{"id":49121,"date":"2021-08-26T14:07:03","date_gmt":"2021-08-26T20:07:03","guid":{"rendered":"http:\/\/copades.com\/monec\/?p=49121"},"modified":"2021-08-26T14:07:03","modified_gmt":"2021-08-26T20:07:03","slug":"factores-que-estan-impulsando-el-crecimiento-economico-en-medio-de-la-pandemia","status":"publish","type":"post","link":"https:\/\/copades.com\/monec\/?p=49121","title":{"rendered":"Factores que est\u00e1n impulsando el crecimiento econ\u00f3mico en medio de la pandemia"},"content":{"rendered":"<p style=\"text-align: justify;\">El camino de la recuperaci\u00f3n econ\u00f3mica de Guatemala contin\u00faa reflejando buenas proyecciones, pero no se deben, precisamente, al buen manejo de la pandemia, sino a otros factores. Por ejemplo, el incremento de la movilidad de los guatemaltecos y el regreso de los consumidores en 95%, y el retorno a las tiendas, comercios a\u00fan en medio de una nueva ola de contagios de covid-19 y un 85% del regreso a la actividad laboral, que est\u00e1n impulsando ese camino, explic\u00f3 <strong>Rodolfo Mendoza<\/strong>, analista y director estrat\u00e9gico de la firma Diestra. La movilidad de los consumidores hacia los Centros Comerciales, tiendas, comercios y restaurantes se mantiene en una tendencia al alza, pese al crecimiento de casos de las \u00faltimas semanas, dijo el analista. La visita a supermercados y farmacias se ha mantenido estable en las \u00faltimas semanas. En contraste con la movilidad hacia los centros de trabajo que se estanc\u00f3 y un 15% a\u00fan lleva a cabo teletrabajo para protegerse del riesgo de contagio. Se proyecta la recuperaci\u00f3n econ\u00f3mica del pa\u00eds luego de la recisi\u00f3n ocasionada por la pandemia. El Fondo Monetario Internacional (FMI) proyecta un crecimiento de un 4.5% y el Banco de Guatemala ha dicho que posiblemente se cumplir\u00e1 el escenario positivo de crecer un 5%, record\u00f3 Mendoza. En un escenario m\u00e1s optimista, el analista Paul Boteo de la Fundaci\u00f3n Libertad y Desarrollo estim\u00f3 que el pr\u00f3ximo trimestre la econom\u00eda crecer\u00e1 un 15.1% comparado con el trimestre del a\u00f1o pasado cuando cay\u00f3 un -8.9%, por lo tanto, se compensar\u00e1 esa ca\u00edda y m\u00e1s. (Prensa Libre 26.08.21)<\/p>\n","protected":false},"excerpt":{"rendered":"<p>El camino de la recuperaci\u00f3n econ\u00f3mica de Guatemala contin\u00faa reflejando buenas proyecciones, pero no se deben, precisamente, al buen manejo de la pandemia, sino a otros factores. Por ejemplo, el incremento de la movilidad&#46;&#46;&#46;<\/p>\n","protected":false},"author":1,"featured_media":48911,"comment_status":"open","ping_status":"closed","sticky":false,"template":"","format":"standard","meta":{"footnotes":""},"categories":[9,5],"tags":[92,98,6921],"class_list":["post-49121","post","type-post","status-publish","format-standard","has-post-thumbnail","hentry","category-actividad-productiva-actividad-productiva","category-actividad-productiva","tag-banguat","tag-fmi","tag-recuperacion-economica"],"_links":{"self":[{"href":"https:\/\/copades.com\/monec\/index.php?rest_route=\/wp\/v2\/posts\/49121","targetHints":{"allow":["GET"]}}],"collection":[{"href":"https:\/\/copades.com\/monec\/index.php?rest_route=\/wp\/v2\/posts"}],"about":[{"href":"https:\/\/copades.com\/monec\/index.php?rest_route=\/wp\/v2\/types\/post"}],"author":[{"embeddable":true,"href":"https:\/\/copades.com\/monec\/index.php?rest_route=\/wp\/v2\/users\/1"}],"replies":[{"embeddable":true,"href":"https:\/\/copades.com\/monec\/index.php?rest_route=%2Fwp%2Fv2%2Fcomments&post=49121"}],"version-history":[{"count":1,"href":"https:\/\/copades.com\/monec\/index.php?rest_route=\/wp\/v2\/posts\/49121\/revisions"}],"predecessor-version":[{"id":49122,"href":"https:\/\/copades.com\/monec\/index.php?rest_route=\/wp\/v2\/posts\/49121\/revisions\/49122"}],"wp:featuredmedia":[{"embeddable":true,"href":"https:\/\/copades.com\/monec\/index.php?rest_route=\/wp\/v2\/media\/48911"}],"wp:attachment":[{"href":"https:\/\/copades.com\/monec\/index.php?rest_route=%2Fwp%2Fv2%2Fmedia&parent=49121"}],"wp:term":[{"taxonomy":"category","embeddable":true,"href":"https:\/\/copades.com\/monec\/index.php?rest_route=%2Fwp%2Fv2%2Fcategories&post=49121"},{"taxonomy":"post_tag","embeddable":true,"href":"https:\/\/copades.com\/monec\/index.php?rest_route=%2Fwp%2Fv2%2Ftags&post=49121"}],"curies":[{"name":"wp","href":"https:\/\/api.w.org\/{rel}","templated":true}]}}