{"id":49136,"date":"2021-08-26T14:52:45","date_gmt":"2021-08-26T20:52:45","guid":{"rendered":"http:\/\/copades.com\/monec\/?p=49136"},"modified":"2021-08-26T14:52:45","modified_gmt":"2021-08-26T20:52:45","slug":"igss-y-anam-buscan-regular-las-cuotas","status":"publish","type":"post","link":"https:\/\/copades.com\/monec\/?p=49136","title":{"rendered":"IGSS y Anam buscan regular las cuotas"},"content":{"rendered":"<p style=\"text-align: justify;\">Con la finalidad de materializar los convenios de inter\u00e9s para ambas entidades, el presidente de la Junta Directiva del Instituto Guatemalteco de Seguridad Social (IGSS), Jos\u00e9 Flamenco, recibi\u00f3 a los representantes de la Asociaci\u00f3n Nacional de Municipalidades (Anam) en las oficinas centrales del Instituto. El presidente de la Anam, <strong>Miguel Ovalle<\/strong>, agradeci\u00f3 el espacio otorgado por las autoridades del Seguro Social, para que se inicie la b\u00fasqueda de convenios para regularizar las cuotas atrasadas de algunas corporaciones ediles, y con ello se beneficie a los afiliados. \u201cBuscamos ponernos al d\u00eda de las cuotas patronales que tienen pendientes varias municipalidades ante el IGSS, y esto tendr\u00e1 un beneficio directo a los trabajadores y sus familias que necesitan este servicio esencial en todo el pa\u00eds\u201d, asegur\u00f3 Ovalle. Por su parte, Flamenco coment\u00f3 que es necesario que se restablezca la buena comunicaci\u00f3n y relaci\u00f3n entre autoridades, para buscar el bienestar de los trabajadores de cada rinc\u00f3n del pa\u00eds. Agreg\u00f3 que esta regulaci\u00f3n es necesaria para los intereses municipales, as\u00ed como la ampliaci\u00f3n de cobertura que tiene el Seguro Social proyectada para ejecutarse en el transcurso de esta administraci\u00f3n. (Diario de Centro Am\u00e9rica 26.08.21)<\/p>\n","protected":false},"excerpt":{"rendered":"<p>Con la finalidad de materializar los convenios de inter\u00e9s para ambas entidades, el presidente de la Junta Directiva del Instituto Guatemalteco de Seguridad Social (IGSS), Jos\u00e9 Flamenco, recibi\u00f3 a los representantes de la Asociaci\u00f3n&#46;&#46;&#46;<\/p>\n","protected":false},"author":1,"featured_media":48467,"comment_status":"open","ping_status":"closed","sticky":false,"template":"","format":"standard","meta":{"footnotes":""},"categories":[49],"tags":[627,177],"class_list":["post-49136","post","type-post","status-publish","format-standard","has-post-thumbnail","hentry","category-poblacion-empleos-y-salarios","tag-anam","tag-igss"],"_links":{"self":[{"href":"https:\/\/copades.com\/monec\/index.php?rest_route=\/wp\/v2\/posts\/49136","targetHints":{"allow":["GET"]}}],"collection":[{"href":"https:\/\/copades.com\/monec\/index.php?rest_route=\/wp\/v2\/posts"}],"about":[{"href":"https:\/\/copades.com\/monec\/index.php?rest_route=\/wp\/v2\/types\/post"}],"author":[{"embeddable":true,"href":"https:\/\/copades.com\/monec\/index.php?rest_route=\/wp\/v2\/users\/1"}],"replies":[{"embeddable":true,"href":"https:\/\/copades.com\/monec\/index.php?rest_route=%2Fwp%2Fv2%2Fcomments&post=49136"}],"version-history":[{"count":1,"href":"https:\/\/copades.com\/monec\/index.php?rest_route=\/wp\/v2\/posts\/49136\/revisions"}],"predecessor-version":[{"id":49137,"href":"https:\/\/copades.com\/monec\/index.php?rest_route=\/wp\/v2\/posts\/49136\/revisions\/49137"}],"wp:featuredmedia":[{"embeddable":true,"href":"https:\/\/copades.com\/monec\/index.php?rest_route=\/wp\/v2\/media\/48467"}],"wp:attachment":[{"href":"https:\/\/copades.com\/monec\/index.php?rest_route=%2Fwp%2Fv2%2Fmedia&parent=49136"}],"wp:term":[{"taxonomy":"category","embeddable":true,"href":"https:\/\/copades.com\/monec\/index.php?rest_route=%2Fwp%2Fv2%2Fcategories&post=49136"},{"taxonomy":"post_tag","embeddable":true,"href":"https:\/\/copades.com\/monec\/index.php?rest_route=%2Fwp%2Fv2%2Ftags&post=49136"}],"curies":[{"name":"wp","href":"https:\/\/api.w.org\/{rel}","templated":true}]}}