{"id":49181,"date":"2021-08-31T15:56:03","date_gmt":"2021-08-31T21:56:03","guid":{"rendered":"http:\/\/copades.com\/monec\/?p=49181"},"modified":"2021-08-31T15:56:03","modified_gmt":"2021-08-31T21:56:03","slug":"pais-retomara-tlc-con-corea-del-sur","status":"publish","type":"post","link":"https:\/\/copades.com\/monec\/?p=49181","title":{"rendered":"Pa\u00eds retomar\u00e1 TLC con Corea del Sur"},"content":{"rendered":"<p style=\"text-align: justify;\">Guatemala se encuentra pendiente de adherirse al Tratado de Libre Comercio (TLC) con Corea del Sur, luego que fuera el \u00fanico pa\u00eds de la regi\u00f3n que no lo firm\u00f3 en febrero de 2018. El titular del Ministerio de Econom\u00eda (Mineco), <strong>Antonio Malouf<\/strong>, inform\u00f3 que para finales de septiembre est\u00e1 prevista una reuni\u00f3n entre el resto de los pa\u00edses centroamericanos y Corea del Sur. \u201cNos hace falta una reuni\u00f3n bilateral directamente con Corea y despu\u00e9s de esa reuni\u00f3n podr\u00edamos firmar, siempre y cuando, estos pa\u00edses de Centroam\u00e9rica y Corea aprueben la adhesi\u00f3n de Guatemala, cosa ya ha sido aplicada en los diferentes foros de SIECA y SICA no creer\u00eda haya ning\u00fan problema\u201d, dijo. El pa\u00eds asi\u00e1tico tambi\u00e9n busca reanudar las negociaciones de un TLC con M\u00e9xico, seg\u00fan medios del vecino pa\u00eds. Seg\u00fan el vicepresidente de la C\u00e1mara Guatemalteca Coreana de Comercio (CamCor), <strong>Jos\u00e9 David Ju\u00e1rez<\/strong>, el proceso de adhesi\u00f3n de Guatemala al TLC es vital importancia, porque al ser el \u00fanico pa\u00eds centroamericano en no ser parte del acuerdo, se dificultan los planes de integraci\u00f3n econ\u00f3mica centroamericana. \u201cLos dem\u00e1s pa\u00edses han logrado incrementar sustancialmente sus exportaciones y atraer inversiones, mientras el TLC ha estado en vigor, el pa\u00eds ha perdido oportunidades de exportar m\u00e1s productos como alimentos con gran potencial de compra en Corea\u201d, dijo. (El Peri\u00f3dico 31.08.21)<\/p>\n","protected":false},"excerpt":{"rendered":"<p>Guatemala se encuentra pendiente de adherirse al Tratado de Libre Comercio (TLC) con Corea del Sur, luego que fuera el \u00fanico pa\u00eds de la regi\u00f3n que no lo firm\u00f3 en febrero de 2018. El&#46;&#46;&#46;<\/p>\n","protected":false},"author":1,"featured_media":49182,"comment_status":"open","ping_status":"closed","sticky":false,"template":"","format":"standard","meta":{"footnotes":""},"categories":[24,36],"tags":[4592,78,63],"class_list":["post-49181","post","type-post","status-publish","format-standard","has-post-thumbnail","hentry","category-comercio-exterior","category-tratados-de-libre-comercio","tag-camcor","tag-mineco","tag-tlc"],"_links":{"self":[{"href":"https:\/\/copades.com\/monec\/index.php?rest_route=\/wp\/v2\/posts\/49181","targetHints":{"allow":["GET"]}}],"collection":[{"href":"https:\/\/copades.com\/monec\/index.php?rest_route=\/wp\/v2\/posts"}],"about":[{"href":"https:\/\/copades.com\/monec\/index.php?rest_route=\/wp\/v2\/types\/post"}],"author":[{"embeddable":true,"href":"https:\/\/copades.com\/monec\/index.php?rest_route=\/wp\/v2\/users\/1"}],"replies":[{"embeddable":true,"href":"https:\/\/copades.com\/monec\/index.php?rest_route=%2Fwp%2Fv2%2Fcomments&post=49181"}],"version-history":[{"count":1,"href":"https:\/\/copades.com\/monec\/index.php?rest_route=\/wp\/v2\/posts\/49181\/revisions"}],"predecessor-version":[{"id":49183,"href":"https:\/\/copades.com\/monec\/index.php?rest_route=\/wp\/v2\/posts\/49181\/revisions\/49183"}],"wp:featuredmedia":[{"embeddable":true,"href":"https:\/\/copades.com\/monec\/index.php?rest_route=\/wp\/v2\/media\/49182"}],"wp:attachment":[{"href":"https:\/\/copades.com\/monec\/index.php?rest_route=%2Fwp%2Fv2%2Fmedia&parent=49181"}],"wp:term":[{"taxonomy":"category","embeddable":true,"href":"https:\/\/copades.com\/monec\/index.php?rest_route=%2Fwp%2Fv2%2Fcategories&post=49181"},{"taxonomy":"post_tag","embeddable":true,"href":"https:\/\/copades.com\/monec\/index.php?rest_route=%2Fwp%2Fv2%2Ftags&post=49181"}],"curies":[{"name":"wp","href":"https:\/\/api.w.org\/{rel}","templated":true}]}}