{"id":49502,"date":"2021-09-17T12:41:48","date_gmt":"2021-09-17T18:41:48","guid":{"rendered":"http:\/\/copades.com\/monec\/?p=49502"},"modified":"2021-09-17T12:41:48","modified_gmt":"2021-09-17T18:41:48","slug":"se-inicia-controles-por-cada-sector","status":"publish","type":"post","link":"https:\/\/copades.com\/monec\/?p=49502","title":{"rendered":"Se inicia controles por cada sector"},"content":{"rendered":"<p style=\"text-align: justify;\"><strong>Marco Livio D\u00edaz<\/strong>, Superintendente de Administraci\u00f3n Tributaria, refiri\u00f3 que con dicho programa se analizan los \u00edndices de presi\u00f3n tributaria, por actividad econ\u00f3mica y el personal de tributaci\u00f3n, con el fin de observar cu\u00e1nto pagan los contribuyentes y si est\u00e1n cumpliendo lo suficiente, seg\u00fan su \u00e1rea productiva. Si el \u00edndice el sector es 3% pero el contribuyente solo paga el equivalente al 1%, se compara y verifica qu\u00e9 sucede. Se han detectado casos en los que el contribuyente traslada mucho Impuesto al Valor Agregado (IVA) recabado, pero no paga el Impuesto de Solidaridad (ISO) o el Impuesto Sobre la Renta (ISR), explic\u00f3. La medida tambi\u00e9n incluye la modificaci\u00f3n del formulario para la declaraci\u00f3n del ISR por sector, medida que fue aplazada, pues se preve\u00eda que estar\u00eda listo para declarar ese impuesto anual del 2021 (en el primer trimestre del 2022), pero estar\u00e1 disponible a partir del 2023. Aunque en esta ocasi\u00f3n, D\u00edaz no lo detall\u00f3, el a\u00f1o pasado anunci\u00f3 que la instituci\u00f3n empezar\u00eda a enfocar la fiscalizaci\u00f3n por sectores y se realizar\u00eda el cambio de formulario creando varios espec\u00edficos para actividades como maquilas, actividades inmobiliarias, sectores de comercio, agro, industria,\u00a0 servicios, entidades bancarias y contribuyentes exentos. Respecto al verificador integrado de facturas, explic\u00f3 que en la actualidad es utilizado por 6 mil 10 contribuyentes: 585 grandes y especiales; 1 mil 126 especiales medianos; 4 mil grandes regionales (1 mil en cada \u00e1rea como central, sur, nororiente y occidente) e importadores relevantes. (Prensa Libre 17.09.21)<\/p>\n","protected":false},"excerpt":{"rendered":"<p>Marco Livio D\u00edaz, Superintendente de Administraci\u00f3n Tributaria, refiri\u00f3 que con dicho programa se analizan los \u00edndices de presi\u00f3n tributaria, por actividad econ\u00f3mica y el personal de tributaci\u00f3n, con el fin de observar cu\u00e1nto pagan&#46;&#46;&#46;<\/p>\n","protected":false},"author":1,"featured_media":49503,"comment_status":"open","ping_status":"closed","sticky":false,"template":"","format":"standard","meta":{"footnotes":""},"categories":[41,39],"tags":[637,80,81],"class_list":["post-49502","post","type-post","status-publish","format-standard","has-post-thumbnail","hentry","category-finanzas-publicas","category-sector-publico","tag-iso","tag-isr","tag-iva"],"_links":{"self":[{"href":"https:\/\/copades.com\/monec\/index.php?rest_route=\/wp\/v2\/posts\/49502","targetHints":{"allow":["GET"]}}],"collection":[{"href":"https:\/\/copades.com\/monec\/index.php?rest_route=\/wp\/v2\/posts"}],"about":[{"href":"https:\/\/copades.com\/monec\/index.php?rest_route=\/wp\/v2\/types\/post"}],"author":[{"embeddable":true,"href":"https:\/\/copades.com\/monec\/index.php?rest_route=\/wp\/v2\/users\/1"}],"replies":[{"embeddable":true,"href":"https:\/\/copades.com\/monec\/index.php?rest_route=%2Fwp%2Fv2%2Fcomments&post=49502"}],"version-history":[{"count":1,"href":"https:\/\/copades.com\/monec\/index.php?rest_route=\/wp\/v2\/posts\/49502\/revisions"}],"predecessor-version":[{"id":49504,"href":"https:\/\/copades.com\/monec\/index.php?rest_route=\/wp\/v2\/posts\/49502\/revisions\/49504"}],"wp:featuredmedia":[{"embeddable":true,"href":"https:\/\/copades.com\/monec\/index.php?rest_route=\/wp\/v2\/media\/49503"}],"wp:attachment":[{"href":"https:\/\/copades.com\/monec\/index.php?rest_route=%2Fwp%2Fv2%2Fmedia&parent=49502"}],"wp:term":[{"taxonomy":"category","embeddable":true,"href":"https:\/\/copades.com\/monec\/index.php?rest_route=%2Fwp%2Fv2%2Fcategories&post=49502"},{"taxonomy":"post_tag","embeddable":true,"href":"https:\/\/copades.com\/monec\/index.php?rest_route=%2Fwp%2Fv2%2Ftags&post=49502"}],"curies":[{"name":"wp","href":"https:\/\/api.w.org\/{rel}","templated":true}]}}