{"id":49559,"date":"2021-09-20T13:58:20","date_gmt":"2021-09-20T19:58:20","guid":{"rendered":"http:\/\/copades.com\/monec\/?p=49559"},"modified":"2021-09-20T13:58:20","modified_gmt":"2021-09-20T19:58:20","slug":"la-produccion-de-la-zona-euro-es-mas-elevada-de-lo-previsto-en-julio","status":"publish","type":"post","link":"https:\/\/copades.com\/monec\/?p=49559","title":{"rendered":"La producci\u00f3n de la zona euro es m\u00e1s elevada de lo previsto en julio"},"content":{"rendered":"<p class=\"paragraph\" style=\"text-align: justify;\">La producci\u00f3n industrial de la zona euro fue m\u00e1s potente de lo esperado en julio, seg\u00fan los datos publicados el mi\u00e9rcoles, gracias al aumento de la producci\u00f3n de bienes de capital y de consumo no duraderos.\u00a0La oficina de estad\u00edstica de la Uni\u00f3n Europea, Eurostat, indic\u00f3 que la producci\u00f3n industrial de los 19 pa\u00edses que comparten el euro aument\u00f3 un 1.5% intermensual en julio, lo que supone un incremento interanual del 7.7%.\u00a0Los economistas encuestados por Reuters preve\u00edan un aumento del 0.6% mensual y del 6.3% anual.\u00a0<strong>Eurostat dijo que la producci\u00f3n de bienes de capital aument\u00f3 un 2.7% intermensual en julio, tras una ca\u00edda del 1.1% en junio, para un incremento del 5.9% respecto al mismo periodo de 2020. La producci\u00f3n de bienes de consumo no duraderos subi\u00f3 un 3.5% mensual y un 10.1% anual.\u00a0<\/strong>En comparaci\u00f3n con el a\u00f1o pasado, la producci\u00f3n de bienes intermedios tambi\u00e9n aument\u00f3 con fuerza, un 11.2%, y la de bienes de consumo duradero, un 9.8%.\u00a0Estos datos, que apuntan a un s\u00f3lido inicio del tercer trimestre, llegan despu\u00e9s de que la econom\u00eda de la zona euro creciera un 2.2% en el segundo trimestre, ya que la flexibilizaci\u00f3n de las restricciones por coronavirus impuls\u00f3 el repunte tras una breve recesi\u00f3n.<\/p>\n<p style=\"text-align: justify;\"><strong>Fuente:\u00a0https:\/\/www.infobae.com\/america\/agencias\/2021\/09\/15\/la-produccion-de-la-zona-euro-es-mas-elevada-de-lo-previsto-en-julio\/<\/strong><\/p>\n","protected":false},"excerpt":{"rendered":"<p>La producci\u00f3n industrial de la zona euro fue m\u00e1s potente de lo esperado en julio, seg\u00fan los datos publicados el mi\u00e9rcoles, gracias al aumento de la producci\u00f3n de bienes de capital y de consumo&#46;&#46;&#46;<\/p>\n","protected":false},"author":1,"featured_media":48325,"comment_status":"open","ping_status":"closed","sticky":false,"template":"","format":"standard","meta":{"footnotes":""},"categories":[55],"tags":[],"class_list":["post-49559","post","type-post","status-publish","format-standard","has-post-thumbnail","hentry","category-internacionales-seleccion"],"_links":{"self":[{"href":"https:\/\/copades.com\/monec\/index.php?rest_route=\/wp\/v2\/posts\/49559","targetHints":{"allow":["GET"]}}],"collection":[{"href":"https:\/\/copades.com\/monec\/index.php?rest_route=\/wp\/v2\/posts"}],"about":[{"href":"https:\/\/copades.com\/monec\/index.php?rest_route=\/wp\/v2\/types\/post"}],"author":[{"embeddable":true,"href":"https:\/\/copades.com\/monec\/index.php?rest_route=\/wp\/v2\/users\/1"}],"replies":[{"embeddable":true,"href":"https:\/\/copades.com\/monec\/index.php?rest_route=%2Fwp%2Fv2%2Fcomments&post=49559"}],"version-history":[{"count":1,"href":"https:\/\/copades.com\/monec\/index.php?rest_route=\/wp\/v2\/posts\/49559\/revisions"}],"predecessor-version":[{"id":49560,"href":"https:\/\/copades.com\/monec\/index.php?rest_route=\/wp\/v2\/posts\/49559\/revisions\/49560"}],"wp:featuredmedia":[{"embeddable":true,"href":"https:\/\/copades.com\/monec\/index.php?rest_route=\/wp\/v2\/media\/48325"}],"wp:attachment":[{"href":"https:\/\/copades.com\/monec\/index.php?rest_route=%2Fwp%2Fv2%2Fmedia&parent=49559"}],"wp:term":[{"taxonomy":"category","embeddable":true,"href":"https:\/\/copades.com\/monec\/index.php?rest_route=%2Fwp%2Fv2%2Fcategories&post=49559"},{"taxonomy":"post_tag","embeddable":true,"href":"https:\/\/copades.com\/monec\/index.php?rest_route=%2Fwp%2Fv2%2Ftags&post=49559"}],"curies":[{"name":"wp","href":"https:\/\/api.w.org\/{rel}","templated":true}]}}