{"id":49924,"date":"2021-10-07T12:59:20","date_gmt":"2021-10-07T18:59:20","guid":{"rendered":"http:\/\/copades.com\/monec\/?p=49924"},"modified":"2021-10-07T12:59:20","modified_gmt":"2021-10-07T18:59:20","slug":"banco-mundial-apunta-en-5-1-el-crecimiento-del-pib-de-guatemala-en-2021","status":"publish","type":"post","link":"https:\/\/copades.com\/monec\/?p=49924","title":{"rendered":"Banco Mundial apunta en 5.1 % el crecimiento del PIB de Guatemala en 2021"},"content":{"rendered":"<p style=\"text-align: justify;\">El buen momento que vive la econom\u00eda guatemalteca viene a confirmarse con las nuevas proyecciones del Banco Mundial (BM), que apuntan que este a\u00f1o el pa\u00eds crecer\u00e1 5.1 %, dato que eleva el pron\u00f3stico de 3.6 % que el ente global anot\u00f3 en enero. De acuerdo con el informe Recobrar el crecimiento, que public\u00f3 el BM este d\u00eda, la crisis econ\u00f3mica que caus\u00f3 la pandemia de Covid-19 se est\u00e1 alejando, y los pa\u00edses de la regi\u00f3n se est\u00e1n reconstruyendo en este \u00e1mbito. \u201cLas previsiones de crecimiento para 2021 se han actualizado durante el verano y se espera que el crecimiento regional (Latinoam\u00e9rica y el Caribe) se sit\u00fae en el 6.3 %, con lo que pr\u00e1cticamente se recuperar\u00edan las p\u00e9rdidas del 6.7 % de 2020\u201d, cita la publicaci\u00f3n de la entidad financiera mundial. Para el caso de Guatemala, la mejora en las estimaciones del Producto Interno Bruto (PIB) no solo se dan para este per\u00edodo fiscal, sino tambi\u00e9n para el pr\u00f3ximo. En enero, el BM preve\u00eda un crecimiento de 3.8 % para 2022; la nueva proyecci\u00f3n suma 0.3 puntos porcentuales, con lo cual el pa\u00eds alcanzar\u00eda 4.1 %. Estas perspectivas alentadoras se suman a las hechas por otros organismos como el Fondo Monetario Internacional (FMI), la Comisi\u00f3n Econ\u00f3mica para Am\u00e9rica Latina y el Caribe (Cepal), que prev\u00e9n en 4.5 % y 4.6 %, respectivamente, la expansi\u00f3n de Guatemala para este a\u00f1o, as\u00ed como la proyecci\u00f3n del 5 % del Banco de Guatemala (Banguat). (Diario de Centro Am\u00e9rica 07.10.21)<\/p>\n","protected":false},"excerpt":{"rendered":"<p>El buen momento que vive la econom\u00eda guatemalteca viene a confirmarse con las nuevas proyecciones del Banco Mundial (BM), que apuntan que este a\u00f1o el pa\u00eds crecer\u00e1 5.1 %, dato que eleva el pron\u00f3stico&#46;&#46;&#46;<\/p>\n","protected":false},"author":1,"featured_media":48984,"comment_status":"open","ping_status":"closed","sticky":false,"template":"","format":"standard","meta":{"footnotes":""},"categories":[5,9],"tags":[92,119,141,98,142],"class_list":["post-49924","post","type-post","status-publish","format-standard","has-post-thumbnail","hentry","category-actividad-productiva","category-actividad-productiva-actividad-productiva","tag-banguat","tag-bm","tag-cepal","tag-fmi","tag-pib"],"_links":{"self":[{"href":"https:\/\/copades.com\/monec\/index.php?rest_route=\/wp\/v2\/posts\/49924","targetHints":{"allow":["GET"]}}],"collection":[{"href":"https:\/\/copades.com\/monec\/index.php?rest_route=\/wp\/v2\/posts"}],"about":[{"href":"https:\/\/copades.com\/monec\/index.php?rest_route=\/wp\/v2\/types\/post"}],"author":[{"embeddable":true,"href":"https:\/\/copades.com\/monec\/index.php?rest_route=\/wp\/v2\/users\/1"}],"replies":[{"embeddable":true,"href":"https:\/\/copades.com\/monec\/index.php?rest_route=%2Fwp%2Fv2%2Fcomments&post=49924"}],"version-history":[{"count":1,"href":"https:\/\/copades.com\/monec\/index.php?rest_route=\/wp\/v2\/posts\/49924\/revisions"}],"predecessor-version":[{"id":49925,"href":"https:\/\/copades.com\/monec\/index.php?rest_route=\/wp\/v2\/posts\/49924\/revisions\/49925"}],"wp:featuredmedia":[{"embeddable":true,"href":"https:\/\/copades.com\/monec\/index.php?rest_route=\/wp\/v2\/media\/48984"}],"wp:attachment":[{"href":"https:\/\/copades.com\/monec\/index.php?rest_route=%2Fwp%2Fv2%2Fmedia&parent=49924"}],"wp:term":[{"taxonomy":"category","embeddable":true,"href":"https:\/\/copades.com\/monec\/index.php?rest_route=%2Fwp%2Fv2%2Fcategories&post=49924"},{"taxonomy":"post_tag","embeddable":true,"href":"https:\/\/copades.com\/monec\/index.php?rest_route=%2Fwp%2Fv2%2Ftags&post=49924"}],"curies":[{"name":"wp","href":"https:\/\/api.w.org\/{rel}","templated":true}]}}