{"id":50040,"date":"2021-10-15T16:17:06","date_gmt":"2021-10-15T22:17:06","guid":{"rendered":"http:\/\/copades.com\/monec\/?p=50040"},"modified":"2021-10-15T16:19:03","modified_gmt":"2021-10-15T22:19:03","slug":"ferrovias-retoma-proyecto-del-tren-bicentenario","status":"publish","type":"post","link":"https:\/\/copades.com\/monec\/?p=50040","title":{"rendered":"Ferrov\u00edas retoma proyecto del tren bicentenario"},"content":{"rendered":"<p style=\"text-align: justify;\">El 13 de octubre reci\u00e9n pasado se llev\u00f3 a cabo la Asamblea General Ordinaria Anual de Accionistas de la Compa\u00f1\u00eda Desarrolladora Ferroviaria S.A. (Ferrov\u00edas) y entre los 15 puntos que contemplaba la agenda, el n\u00famero siete inclu\u00eda la confirmaci\u00f3n y\/o remoci\u00f3n del \u00d3rgano de Administraci\u00f3n. Como resultado, fue removido <strong>Carlos Estrada<\/strong> y en su lugar fue nombrado <strong>Jos\u00e9 Fernando Ulloa Rosenberg<\/strong> como Administrador \u00danico y Representante Legal. El nuevo director de Ferrov\u00edas evit\u00f3 responder si posee experiencia en el tema ferroviario y se limit\u00f3 a informar que, durante la asamblea, se abordaron temas relativos a la reactivaci\u00f3n de los proyectos a cargo de Ferrov\u00edas Guatemala, que contribuir\u00e1n a la reactivaci\u00f3n econ\u00f3mica del pa\u00eds. El punto nueve de la asamblea detalla lo siguiente: Presentaci\u00f3n de antecedentes, propuesta e inversi\u00f3n de Remed, S.A. de C.V., para la ejecuci\u00f3n del proyecto denominado Ferrocarril Bicentenario, que se desarrollar\u00e1 desde Ayutla-San Marcos, a Santa Luc\u00eda, Cotzumalguapa y Puerto de San Jos\u00e9, incluyendo sin limitar la informaci\u00f3n propia y de sus subsidiarias, si las tuviera, el cual se encuentra contemplado en dos tramos: 235 kil\u00f3metros de derecho de v\u00eda que va desde Tec\u00fan Um\u00e1n hasta el puerto de San Jos\u00e9; y de 30 kil\u00f3metros de derecho de v\u00eda desde Retalhuleu hasta el Puerto de Champerico. En el punto n\u00famero once establec\u00eda facultar al nuevo director de Ferrov\u00edas a retomar negociaciones con la entidad mencionada. (Prensa Libre 15.10.21)<\/p>\n","protected":false},"excerpt":{"rendered":"<p>El 13 de octubre reci\u00e9n pasado se llev\u00f3 a cabo la Asamblea General Ordinaria Anual de Accionistas de la Compa\u00f1\u00eda Desarrolladora Ferroviaria S.A. (Ferrov\u00edas) y entre los 15 puntos que contemplaba la agenda, el&#46;&#46;&#46;<\/p>\n","protected":false},"author":1,"featured_media":50043,"comment_status":"open","ping_status":"closed","sticky":false,"template":"","format":"standard","meta":{"footnotes":""},"categories":[5,22],"tags":[3753],"class_list":["post-50040","post","type-post","status-publish","format-standard","has-post-thumbnail","hentry","category-actividad-productiva","category-transporte-y-almacenamiento","tag-ferrovias"],"_links":{"self":[{"href":"https:\/\/copades.com\/monec\/index.php?rest_route=\/wp\/v2\/posts\/50040","targetHints":{"allow":["GET"]}}],"collection":[{"href":"https:\/\/copades.com\/monec\/index.php?rest_route=\/wp\/v2\/posts"}],"about":[{"href":"https:\/\/copades.com\/monec\/index.php?rest_route=\/wp\/v2\/types\/post"}],"author":[{"embeddable":true,"href":"https:\/\/copades.com\/monec\/index.php?rest_route=\/wp\/v2\/users\/1"}],"replies":[{"embeddable":true,"href":"https:\/\/copades.com\/monec\/index.php?rest_route=%2Fwp%2Fv2%2Fcomments&post=50040"}],"version-history":[{"count":3,"href":"https:\/\/copades.com\/monec\/index.php?rest_route=\/wp\/v2\/posts\/50040\/revisions"}],"predecessor-version":[{"id":50044,"href":"https:\/\/copades.com\/monec\/index.php?rest_route=\/wp\/v2\/posts\/50040\/revisions\/50044"}],"wp:featuredmedia":[{"embeddable":true,"href":"https:\/\/copades.com\/monec\/index.php?rest_route=\/wp\/v2\/media\/50043"}],"wp:attachment":[{"href":"https:\/\/copades.com\/monec\/index.php?rest_route=%2Fwp%2Fv2%2Fmedia&parent=50040"}],"wp:term":[{"taxonomy":"category","embeddable":true,"href":"https:\/\/copades.com\/monec\/index.php?rest_route=%2Fwp%2Fv2%2Fcategories&post=50040"},{"taxonomy":"post_tag","embeddable":true,"href":"https:\/\/copades.com\/monec\/index.php?rest_route=%2Fwp%2Fv2%2Ftags&post=50040"}],"curies":[{"name":"wp","href":"https:\/\/api.w.org\/{rel}","templated":true}]}}