{"id":50609,"date":"2021-11-23T17:54:24","date_gmt":"2021-11-23T23:54:24","guid":{"rendered":"http:\/\/copades.com\/monec\/?p=50609"},"modified":"2021-11-23T17:54:24","modified_gmt":"2021-11-23T23:54:24","slug":"confirman-ampliacion-financiera-a-caficultores","status":"publish","type":"post","link":"https:\/\/copades.com\/monec\/?p=50609","title":{"rendered":"Confirman ampliaci\u00f3n financiera a caficultores"},"content":{"rendered":"<p style=\"text-align: justify;\">El Ministerio de Agricultura, Ganader\u00eda y Alimentaci\u00f3n ha enviado a la Asociaci\u00f3n Nacional del Caf\u00e9 (Anacaf\u00e9) la notificaci\u00f3n legal que prorroga por 25 a\u00f1os el fideicomiso de apoyo financiero a los productores de caf\u00e9, lo que deja firme esta ayuda hasta 2051. La Anacaf\u00e9 confirm\u00f3, en un comunicado, que recibi\u00f3 la copia del Primer Testimonio de la Escritura P\u00fablica n\u00famero 73, autorizado el 16 de noviembre \u00faltimo y en el cual se consta la ampliaci\u00f3n del respaldo a los caficultores del pa\u00eds. El documento se emite en seguimiento a lo establecido en el Decreto 4-2019, Ley para la Reactivaci\u00f3n Econ\u00f3mica del Caf\u00e9; tambi\u00e9n est\u00e1 firmado por el Banco de Desarrollo Rural, como fiduciario. \u201cAnacaf\u00e9 celebra la ampliaci\u00f3n del plazo, el cual permite la entrada en vigor del nuevo reglamento de cr\u00e9dito, ya aprobado por el Comit\u00e9 T\u00e9cnico del Fideicomiso, y debe ser aprobado por el fiduciario en los pr\u00f3ximos d\u00edas para su implementaci\u00f3n\u201d, comunic\u00f3 dicha asociaci\u00f3n. Seg\u00fan Anacaf\u00e9, el 84% de los cr\u00e9ditos otorgados con fondos del referido fideicomiso ha sido para peque\u00f1os productores. (Diario de Centro Am\u00e9rica 23.11.21)<\/p>\n","protected":false},"excerpt":{"rendered":"<p>El Ministerio de Agricultura, Ganader\u00eda y Alimentaci\u00f3n ha enviado a la Asociaci\u00f3n Nacional del Caf\u00e9 (Anacaf\u00e9) la notificaci\u00f3n legal que prorroga por 25 a\u00f1os el fideicomiso de apoyo financiero a los productores de caf\u00e9,&#46;&#46;&#46;<\/p>\n","protected":false},"author":1,"featured_media":48350,"comment_status":"open","ping_status":"closed","sticky":false,"template":"","format":"standard","meta":{"footnotes":""},"categories":[24,30],"tags":[251,289],"class_list":["post-50609","post","type-post","status-publish","format-standard","has-post-thumbnail","hentry","category-comercio-exterior","category-exportaciones-de-cafe","tag-anacafe","tag-maga"],"_links":{"self":[{"href":"https:\/\/copades.com\/monec\/index.php?rest_route=\/wp\/v2\/posts\/50609","targetHints":{"allow":["GET"]}}],"collection":[{"href":"https:\/\/copades.com\/monec\/index.php?rest_route=\/wp\/v2\/posts"}],"about":[{"href":"https:\/\/copades.com\/monec\/index.php?rest_route=\/wp\/v2\/types\/post"}],"author":[{"embeddable":true,"href":"https:\/\/copades.com\/monec\/index.php?rest_route=\/wp\/v2\/users\/1"}],"replies":[{"embeddable":true,"href":"https:\/\/copades.com\/monec\/index.php?rest_route=%2Fwp%2Fv2%2Fcomments&post=50609"}],"version-history":[{"count":1,"href":"https:\/\/copades.com\/monec\/index.php?rest_route=\/wp\/v2\/posts\/50609\/revisions"}],"predecessor-version":[{"id":50610,"href":"https:\/\/copades.com\/monec\/index.php?rest_route=\/wp\/v2\/posts\/50609\/revisions\/50610"}],"wp:featuredmedia":[{"embeddable":true,"href":"https:\/\/copades.com\/monec\/index.php?rest_route=\/wp\/v2\/media\/48350"}],"wp:attachment":[{"href":"https:\/\/copades.com\/monec\/index.php?rest_route=%2Fwp%2Fv2%2Fmedia&parent=50609"}],"wp:term":[{"taxonomy":"category","embeddable":true,"href":"https:\/\/copades.com\/monec\/index.php?rest_route=%2Fwp%2Fv2%2Fcategories&post=50609"},{"taxonomy":"post_tag","embeddable":true,"href":"https:\/\/copades.com\/monec\/index.php?rest_route=%2Fwp%2Fv2%2Ftags&post=50609"}],"curies":[{"name":"wp","href":"https:\/\/api.w.org\/{rel}","templated":true}]}}