{"id":51107,"date":"2022-01-10T14:08:20","date_gmt":"2022-01-10T20:08:20","guid":{"rendered":"https:\/\/copades.com\/monec\/?p=51107"},"modified":"2022-01-10T14:08:20","modified_gmt":"2022-01-10T20:08:20","slug":"mem-reactiva-derecho-minero-a-fenix","status":"publish","type":"post","link":"https:\/\/copades.com\/monec\/?p=51107","title":{"rendered":"MEM reactiva derecho minero a F\u00e9nix"},"content":{"rendered":"<p style=\"text-align: justify;\">El titular del Ministerio de Energ\u00eda y Minas (MEM), <strong>Alberto Pimentel Mata<\/strong>, firm\u00f3 la semana pasada la resoluci\u00f3n ministerial que habilita a la empresa titular del derecho de extracci\u00f3n minera F\u00e9nix, para reactivar las operaciones de explotaci\u00f3n en el pol\u00edgono autorizado de 6.29 kil\u00f3metros cuadrados. El ministro record\u00f3 que este ente coordin\u00f3 el proceso de consulta, el cual finaliz\u00f3 en diciembre, y por estar dentro del plazo legal, lo que correspond\u00eda era la rehabilitaci\u00f3n del derecho minero. Pimentel indic\u00f3 que a partir del momento en que la empresa sea notificada, estar\u00e1 rehabilitada en su derecho. El ministro afirm\u00f3 que el Ejecutivo se encuentra \u201cmuy satisfecho con la realizaci\u00f3n de la consulta\u201d, en un proceso participativo que permiti\u00f3 restituir al pueblo ind\u00edgena maya q\u2019eqchi\u2019 el derecho a la consulta, dado que, en el otorgamiento inicial, no se hab\u00eda cumplido con ese procedimiento. (Diario de Centro Am\u00e9rica 10.01.21)<\/p>\n","protected":false},"excerpt":{"rendered":"<p>El titular del Ministerio de Energ\u00eda y Minas (MEM), Alberto Pimentel Mata, firm\u00f3 la semana pasada la resoluci\u00f3n ministerial que habilita a la empresa titular del derecho de extracci\u00f3n minera F\u00e9nix, para reactivar las&#46;&#46;&#46;<\/p>\n","protected":false},"author":1,"featured_media":48391,"comment_status":"open","ping_status":"closed","sticky":false,"template":"","format":"standard","meta":{"footnotes":""},"categories":[5,19],"tags":[105,7325],"class_list":["post-51107","post","type-post","status-publish","format-standard","has-post-thumbnail","hentry","category-actividad-productiva","category-minas-y-canteras","tag-mem","tag-proyecto-minero-fenix"],"_links":{"self":[{"href":"https:\/\/copades.com\/monec\/index.php?rest_route=\/wp\/v2\/posts\/51107","targetHints":{"allow":["GET"]}}],"collection":[{"href":"https:\/\/copades.com\/monec\/index.php?rest_route=\/wp\/v2\/posts"}],"about":[{"href":"https:\/\/copades.com\/monec\/index.php?rest_route=\/wp\/v2\/types\/post"}],"author":[{"embeddable":true,"href":"https:\/\/copades.com\/monec\/index.php?rest_route=\/wp\/v2\/users\/1"}],"replies":[{"embeddable":true,"href":"https:\/\/copades.com\/monec\/index.php?rest_route=%2Fwp%2Fv2%2Fcomments&post=51107"}],"version-history":[{"count":1,"href":"https:\/\/copades.com\/monec\/index.php?rest_route=\/wp\/v2\/posts\/51107\/revisions"}],"predecessor-version":[{"id":51108,"href":"https:\/\/copades.com\/monec\/index.php?rest_route=\/wp\/v2\/posts\/51107\/revisions\/51108"}],"wp:featuredmedia":[{"embeddable":true,"href":"https:\/\/copades.com\/monec\/index.php?rest_route=\/wp\/v2\/media\/48391"}],"wp:attachment":[{"href":"https:\/\/copades.com\/monec\/index.php?rest_route=%2Fwp%2Fv2%2Fmedia&parent=51107"}],"wp:term":[{"taxonomy":"category","embeddable":true,"href":"https:\/\/copades.com\/monec\/index.php?rest_route=%2Fwp%2Fv2%2Fcategories&post=51107"},{"taxonomy":"post_tag","embeddable":true,"href":"https:\/\/copades.com\/monec\/index.php?rest_route=%2Fwp%2Fv2%2Ftags&post=51107"}],"curies":[{"name":"wp","href":"https:\/\/api.w.org\/{rel}","templated":true}]}}